{"id":7687,"date":"2025-11-26T16:13:17","date_gmt":"2025-11-26T16:13:17","guid":{"rendered":"https:\/\/infogandia.es\/?p=7687"},"modified":"2025-11-26T16:13:17","modified_gmt":"2025-11-26T16:13:17","slug":"gandia-se-prepara-para-la-xii-edicion-de-la-volta-a-peu-de-espurna-el-proximo-2-de-diciembre","status":"publish","type":"post","link":"https:\/\/infogandia.es\/index.php\/2025\/11\/26\/gandia-se-prepara-para-la-xii-edicion-de-la-volta-a-peu-de-espurna-el-proximo-2-de-diciembre\/","title":{"rendered":"Gandia se prepara para la XII edici\u00f3n de la Volta a Peu de Espurna el pr\u00f3ximo 2 de diciembre"},"content":{"rendered":"\n<p>La sede de la Fundaci\u00f3n Espurna ha acogido este mediod\u00eda la presentaci\u00f3n de la XII Volta a Peu Espurna, un acto que ha contado con la asistencia de los regidores Jes\u00fas Naviero y Liduvina Gil, adem\u00e1s de otros miembros de la corporaci\u00f3n municipal, empresas colaboradoras y representantes de la Fundaci\u00f3n Espurna. En esta edici\u00f3n, el atleta ol\u00edmpico Quique Llopis ha sido nombrado padrino de la prueba.<\/p>\n\n\n\n<p>La Volta a Peu Espurna no solo celebra el esfuerzo y la superaci\u00f3n de sus participantes, sino que tambi\u00e9n act\u00faa como una herramienta integradora que conecta a la sociedad con la realidad de las personas con discapacidad. El evento cuenta este a\u00f1o con m\u00e1s de 800 inscritos, lo que supone un r\u00e9cord de participaci\u00f3n y reafirma el compromiso de la Fundaci\u00f3n Espurna con el desarrollo personal a trav\u00e9s del deporte inclusivo.<\/p>\n\n\n\n<figure class=\"wp-block-image size-large\"><img fetchpriority=\"high\" decoding=\"async\" width=\"1024\" height=\"683\" src=\"http:\/\/infogandia.es\/wp-content\/uploads\/2025\/11\/251126-frances_251126_2306-1024x683.jpg\" alt=\"\" class=\"wp-image-7688\" srcset=\"https:\/\/infogandia.es\/wp-content\/uploads\/2025\/11\/251126-frances_251126_2306-1024x683.jpg 1024w, https:\/\/infogandia.es\/wp-content\/uploads\/2025\/11\/251126-frances_251126_2306-300x200.jpg 300w, https:\/\/infogandia.es\/wp-content\/uploads\/2025\/11\/251126-frances_251126_2306-768x512.jpg 768w, https:\/\/infogandia.es\/wp-content\/uploads\/2025\/11\/251126-frances_251126_2306-1536x1024.jpg 1536w, https:\/\/infogandia.es\/wp-content\/uploads\/2025\/11\/251126-frances_251126_2306-600x400.jpg 600w, https:\/\/infogandia.es\/wp-content\/uploads\/2025\/11\/251126-frances_251126_2306.jpg 1600w\" sizes=\"(max-width: 1024px) 100vw, 1024px\" \/><\/figure>\n\n\n\n<p>La prueba se celebrar\u00e1 el pr\u00f3ximo 2 de diciembre y tendr\u00e1 la salida a las 12 horas desde la plaza Tirant. El recorrido, de 1,6 kil\u00f3metros, transcurrir\u00e1 por el Centro Hist\u00f3rico y el Raval.<\/p>\n\n\n\n<p>Durante la presentaci\u00f3n, se ha puesto en valor la importante labor que realiza la Fundaci\u00f3n Espurna, especialmente a trav\u00e9s de su Centro Especial de Empleo, desde el cual personas de la entidad se encargan del mantenimiento de diversos parques urbanos de la ciudad, como los de Beniopa, Santa Anna o el parque Sant Pere.<\/p>\n\n\n\n<p>Tambi\u00e9n se ha destacado la implicaci\u00f3n de Quique Llopis, atleta ol\u00edmpico y subcampe\u00f3n de Europa en los 110 metros vallas, quien ha mostrado su apoyo personal a esta edici\u00f3n. Su participaci\u00f3n como padrino contribuye a dar visibilidad al deporte inclusivo y al trabajo que desarrolla la Fundaci\u00f3n Espurna.<\/p>\n\n\n\n<p>El pr\u00f3ximo 2 de diciembre se espera una gran jornada donde vale la pena participar y sumarse a esta iniciativa que impulsa la inclusi\u00f3n a trav\u00e9s del deporte.<\/p>\n","protected":false},"excerpt":{"rendered":"<p>La sede de la Fundaci\u00f3n Espurna ha acogido este mediod\u00eda la presentaci\u00f3n de la XII Volta a Peu Espurna, un acto que ha contado con la asistencia de los regidores Jes\u00fas Naviero y Liduvina Gil, adem\u00e1s de otros miembros de la corporaci\u00f3n municipal, empresas colaboradoras y representantes de la Fundaci\u00f3n Espurna. En esta edici\u00f3n, el&#8230;<\/p>\n","protected":false},"author":1,"featured_media":7689,"comment_status":"open","ping_status":"open","sticky":false,"template":"","format":"standard","meta":{"footnotes":""},"categories":[1,4],"tags":[],"class_list":["post-7687","post","type-post","status-publish","format-standard","has-post-thumbnail","hentry","category-actualidad","category-deporte"],"_links":{"self":[{"href":"https:\/\/infogandia.es\/index.php\/wp-json\/wp\/v2\/posts\/7687","targetHints":{"allow":["GET"]}}],"collection":[{"href":"https:\/\/infogandia.es\/index.php\/wp-json\/wp\/v2\/posts"}],"about":[{"href":"https:\/\/infogandia.es\/index.php\/wp-json\/wp\/v2\/types\/post"}],"author":[{"embeddable":true,"href":"https:\/\/infogandia.es\/index.php\/wp-json\/wp\/v2\/users\/1"}],"replies":[{"embeddable":true,"href":"https:\/\/infogandia.es\/index.php\/wp-json\/wp\/v2\/comments?post=7687"}],"version-history":[{"count":1,"href":"https:\/\/infogandia.es\/index.php\/wp-json\/wp\/v2\/posts\/7687\/revisions"}],"predecessor-version":[{"id":7690,"href":"https:\/\/infogandia.es\/index.php\/wp-json\/wp\/v2\/posts\/7687\/revisions\/7690"}],"wp:featuredmedia":[{"embeddable":true,"href":"https:\/\/infogandia.es\/index.php\/wp-json\/wp\/v2\/media\/7689"}],"wp:attachment":[{"href":"https:\/\/infogandia.es\/index.php\/wp-json\/wp\/v2\/media?parent=7687"}],"wp:term":[{"taxonomy":"category","embeddable":true,"href":"https:\/\/infogandia.es\/index.php\/wp-json\/wp\/v2\/categories?post=7687"},{"taxonomy":"post_tag","embeddable":true,"href":"https:\/\/infogandia.es\/index.php\/wp-json\/wp\/v2\/tags?post=7687"}],"curies":[{"name":"wp","href":"https:\/\/api.w.org\/{rel}","templated":true}]}}