{"id":7691,"date":"2025-11-26T16:13:55","date_gmt":"2025-11-26T16:13:55","guid":{"rendered":"https:\/\/infogandia.es\/?p=7691"},"modified":"2025-11-26T16:13:55","modified_gmt":"2025-11-26T16:13:55","slug":"el-pp-critica-el-cambio-de-fecha-de-la-gala-de-lesport-de-gandia","status":"publish","type":"post","link":"https:\/\/infogandia.es\/index.php\/2025\/11\/26\/el-pp-critica-el-cambio-de-fecha-de-la-gala-de-lesport-de-gandia\/","title":{"rendered":"El PP critica el cambio de fecha de la Gala de l\u2019Esport de Gandia"},"content":{"rendered":"\n<p>El Grupo Municipal Popular ha mostrado su desacuerdo con la decisi\u00f3n del gobierno local de trasladar la 47\u00aa Gala de l\u2019Esport de Gandia del s\u00e1bado al jueves, un cambio que, seg\u00fan los populares, rompe con casi 50 a\u00f1os de tradici\u00f3n y dificulta la asistencia de los deportistas y sus familias.<\/p>\n\n\n\n<p>El concejal del PP responsable del \u00e1rea deportiva, David Ronda, ha explicado que el gobierno municipal no ha ofrecido, a su juicio, una justificaci\u00f3n suficientemente s\u00f3lida para modificar la fecha. Seg\u00fan indica, el edil de Deportes, Jes\u00fas Naveiro, argument\u00f3 que el adelanto responde a la intenci\u00f3n de celebrar primero la gala de Gandia antes que la de la Mancomunitat de Municipis, prevista para el viernes 28 de noviembre, en la que se anunciar\u00e1 al mejor deportista de la comarca de la Safor.<\/p>\n\n\n\n<p>Para Ronda, esta decisi\u00f3n responde a \u201cprioridades comunicativas\u201d del gobierno y no a las necesidades de los deportistas, recordando que muchos de ellos, as\u00ed como sus clubes y familias, tienen compromisos acad\u00e9micos, laborales o deportivos entre semana que pueden dificultar su participaci\u00f3n.<\/p>\n\n\n\n<p>El concejal popular tambi\u00e9n ha lamentado que el Ayuntamiento haya tomado esta decisi\u00f3n sin consultar de forma amplia a clubes, entidades deportivas y deportistas, considerando que un acto con tanta trayectoria deber\u00eda planificarse para favorecer la m\u00e1xima asistencia.<\/p>\n\n\n\n<p>El PP ha pedido al gobierno local que en futuras ediciones recupere una fecha m\u00e1s adecuada, preferiblemente en fin de semana, para situar en el centro a los deportistas y a su entorno. Seg\u00fan Ronda, \u201ccuando no se les prioriza, quien m\u00e1s pierde es el deporte de Gandia\u201d.<\/p>\n","protected":false},"excerpt":{"rendered":"<p>El Grupo Municipal Popular ha mostrado su desacuerdo con la decisi\u00f3n del gobierno local de trasladar la 47\u00aa Gala de l\u2019Esport de Gandia del s\u00e1bado al jueves, un cambio que, seg\u00fan los populares, rompe con casi 50 a\u00f1os de tradici\u00f3n y dificulta la asistencia de los deportistas y sus familias. El concejal del PP responsable&#8230;<\/p>\n","protected":false},"author":1,"featured_media":7692,"comment_status":"open","ping_status":"open","sticky":false,"template":"","format":"standard","meta":{"footnotes":""},"categories":[1,4,27],"tags":[],"class_list":["post-7691","post","type-post","status-publish","format-standard","has-post-thumbnail","hentry","category-actualidad","category-deporte","category-sociedad"],"_links":{"self":[{"href":"https:\/\/infogandia.es\/index.php\/wp-json\/wp\/v2\/posts\/7691","targetHints":{"allow":["GET"]}}],"collection":[{"href":"https:\/\/infogandia.es\/index.php\/wp-json\/wp\/v2\/posts"}],"about":[{"href":"https:\/\/infogandia.es\/index.php\/wp-json\/wp\/v2\/types\/post"}],"author":[{"embeddable":true,"href":"https:\/\/infogandia.es\/index.php\/wp-json\/wp\/v2\/users\/1"}],"replies":[{"embeddable":true,"href":"https:\/\/infogandia.es\/index.php\/wp-json\/wp\/v2\/comments?post=7691"}],"version-history":[{"count":1,"href":"https:\/\/infogandia.es\/index.php\/wp-json\/wp\/v2\/posts\/7691\/revisions"}],"predecessor-version":[{"id":7693,"href":"https:\/\/infogandia.es\/index.php\/wp-json\/wp\/v2\/posts\/7691\/revisions\/7693"}],"wp:featuredmedia":[{"embeddable":true,"href":"https:\/\/infogandia.es\/index.php\/wp-json\/wp\/v2\/media\/7692"}],"wp:attachment":[{"href":"https:\/\/infogandia.es\/index.php\/wp-json\/wp\/v2\/media?parent=7691"}],"wp:term":[{"taxonomy":"category","embeddable":true,"href":"https:\/\/infogandia.es\/index.php\/wp-json\/wp\/v2\/categories?post=7691"},{"taxonomy":"post_tag","embeddable":true,"href":"https:\/\/infogandia.es\/index.php\/wp-json\/wp\/v2\/tags?post=7691"}],"curies":[{"name":"wp","href":"https:\/\/api.w.org\/{rel}","templated":true}]}}