{"id":7694,"date":"2025-11-26T16:15:41","date_gmt":"2025-11-26T16:15:41","guid":{"rendered":"https:\/\/infogandia.es\/?p=7694"},"modified":"2025-11-26T16:15:41","modified_gmt":"2025-11-26T16:15:41","slug":"el-pp-de-gandia-celebra-el-impulso-a-la-prolongacion-de-la-cv-60-por-parte-del-consell","status":"publish","type":"post","link":"https:\/\/infogandia.es\/index.php\/2025\/11\/26\/el-pp-de-gandia-celebra-el-impulso-a-la-prolongacion-de-la-cv-60-por-parte-del-consell\/","title":{"rendered":"El PP de Gandia celebra el impulso a la prolongaci\u00f3n de la CV-60 por parte del Consell"},"content":{"rendered":"\n<p>El Partido Popular de Gandia ha valorado positivamente que el Consell haya reactivado el proyecto de ampliaci\u00f3n y prolongaci\u00f3n de la CV-60 entre Palma de Gandia y Gandia, una infraestructura considerada clave para mejorar la conexi\u00f3n entre la costa y el interior.<\/p>\n\n\n\n<p>La directora general de Infraestructuras de Transporte Terrestre, Mar\u00eda Jos\u00e9 Mart\u00ednez Ruzafa, mantuvo recientemente una reuni\u00f3n con la empresa adjudicataria encargada de redactar el proyecto t\u00e9cnico, cuya elaboraci\u00f3n ya ha comenzado. El documento cuenta con un presupuesto cercano a los 800.000 euros y deber\u00e1 completarse en un plazo estimado de 22 meses.<\/p>\n\n\n\n<p>El presidente local del PP, V\u00edctor Soler, ha calificado este avance como \u201cuna buena noticia para toda la ciudadan\u00eda\u201d, destacando que el actual Consell \u201cha desbloqueado una demanda hist\u00f3rica para Gandia\u201d. Seg\u00fan explic\u00f3, la falta de avances en los \u00faltimos a\u00f1os se deb\u00eda a la ausencia de apoyo del Ministerio de Transportes y a la paralizaci\u00f3n del proyecto durante los gobiernos auton\u00f3micos anteriores.<\/p>\n\n\n\n<p>Soler sostiene que el nuevo Consell ha abordado las modificaciones t\u00e9cnicas pendientes y ha permitido retomar una actuaci\u00f3n que, asegura, resulta fundamental para el desarrollo econ\u00f3mico y territorial de la comarca. En este sentido, ha subrayado que la prolongaci\u00f3n de la CV-60 \u201crefuerza el papel de Gandia como capital comarcal y mejora la conectividad con su entorno\u201d.<\/p>\n\n\n\n<p>El dirigente popular tambi\u00e9n ha criticado la falta de avances durante etapas anteriores y ha reclamado mayor implicaci\u00f3n municipal en la defensa de esta infraestructura. A su juicio, el Consell demuestra \u201ccompromiso con Gandia y con su futuro\u201d al impulsar proyectos que considera esenciales para la ciudad.<\/p>\n","protected":false},"excerpt":{"rendered":"<p>El Partido Popular de Gandia ha valorado positivamente que el Consell haya reactivado el proyecto de ampliaci\u00f3n y prolongaci\u00f3n de la CV-60 entre Palma de Gandia y Gandia, una infraestructura considerada clave para mejorar la conexi\u00f3n entre la costa y el interior. La directora general de Infraestructuras de Transporte Terrestre, Mar\u00eda Jos\u00e9 Mart\u00ednez Ruzafa, mantuvo&#8230;<\/p>\n","protected":false},"author":1,"featured_media":7695,"comment_status":"open","ping_status":"open","sticky":false,"template":"","format":"standard","meta":{"footnotes":""},"categories":[1,3],"tags":[],"class_list":["post-7694","post","type-post","status-publish","format-standard","has-post-thumbnail","hentry","category-actualidad","category-politica"],"_links":{"self":[{"href":"https:\/\/infogandia.es\/index.php\/wp-json\/wp\/v2\/posts\/7694","targetHints":{"allow":["GET"]}}],"collection":[{"href":"https:\/\/infogandia.es\/index.php\/wp-json\/wp\/v2\/posts"}],"about":[{"href":"https:\/\/infogandia.es\/index.php\/wp-json\/wp\/v2\/types\/post"}],"author":[{"embeddable":true,"href":"https:\/\/infogandia.es\/index.php\/wp-json\/wp\/v2\/users\/1"}],"replies":[{"embeddable":true,"href":"https:\/\/infogandia.es\/index.php\/wp-json\/wp\/v2\/comments?post=7694"}],"version-history":[{"count":1,"href":"https:\/\/infogandia.es\/index.php\/wp-json\/wp\/v2\/posts\/7694\/revisions"}],"predecessor-version":[{"id":7696,"href":"https:\/\/infogandia.es\/index.php\/wp-json\/wp\/v2\/posts\/7694\/revisions\/7696"}],"wp:featuredmedia":[{"embeddable":true,"href":"https:\/\/infogandia.es\/index.php\/wp-json\/wp\/v2\/media\/7695"}],"wp:attachment":[{"href":"https:\/\/infogandia.es\/index.php\/wp-json\/wp\/v2\/media?parent=7694"}],"wp:term":[{"taxonomy":"category","embeddable":true,"href":"https:\/\/infogandia.es\/index.php\/wp-json\/wp\/v2\/categories?post=7694"},{"taxonomy":"post_tag","embeddable":true,"href":"https:\/\/infogandia.es\/index.php\/wp-json\/wp\/v2\/tags?post=7694"}],"curies":[{"name":"wp","href":"https:\/\/api.w.org\/{rel}","templated":true}]}}