{"id":7697,"date":"2025-11-28T08:13:31","date_gmt":"2025-11-28T08:13:31","guid":{"rendered":"https:\/\/infogandia.es\/?p=7697"},"modified":"2025-11-28T08:13:31","modified_gmt":"2025-11-28T08:13:31","slug":"gandia-se-convierte-en-epicentro-de-ideas-innovadoras-en-la-reunion-estatal-de-la-xarxa-retos","status":"publish","type":"post","link":"https:\/\/infogandia.es\/index.php\/2025\/11\/28\/gandia-se-convierte-en-epicentro-de-ideas-innovadoras-en-la-reunion-estatal-de-la-xarxa-retos\/","title":{"rendered":"Gandia se convierte en epicentro de ideas innovadoras en la reuni\u00f3n estatal de la Xarxa RETOS"},"content":{"rendered":"\n<p>El Hotel RH Bayren &amp; Spa ha acogido hoy la primera jornada <em>\u201cTerritorios en Beta. De los desaf\u00edos compartidos a las ideas que sorprenden\u201d<\/em>, un encuentro estatal que ha reunido a representantes del Ministerio de Trabajo, autoridades locales, ponentes de referencia y agentes econ\u00f3micos y sociales de distintos territorios integrantes de la Xarxa de Territoris Socialment Responsables (RETOS).<br>El evento, organizado en colaboraci\u00f3n con el Ayuntamiento de Gandia, ha puesto el foco en la innovaci\u00f3n social, la corresponsabilidad territorial y los nuevos modelos de gobernanza, as\u00ed como en los retos emergentes del empleo y en el papel de la inteligencia artificial en la transformaci\u00f3n urbana.<\/p>\n\n\n\n<p>Prieto ha subrayado la importancia del \u00e1mbito local como punto de partida para afrontar los grandes desaf\u00edos globales. En un contexto de cambios r\u00e1pidos e incertidumbre, ha defendido que \u201cno existe respuesta a los retos del mundo que no pase por las ciudades\u201d, destacando que es en este nivel donde se materializan las soluciones y se generan alianzas reales.<br>El alcalde ha puesto en valor el modelo de desarrollo de Gandia, fundamentado en la sostenibilidad, la cohesi\u00f3n social, la innovaci\u00f3n y la colaboraci\u00f3n p\u00fablico-privada. Asimismo, ha recordado que la ciudad gestiona actualmente m\u00e1s de <strong>130 millones de euros en inversiones<\/strong>, consolidando un ecosistema urbano y econ\u00f3mico \u201cfavorable, fiable y atractivo\u201d tanto para la ciudadan\u00eda como para nuevos proyectos empresariales.<\/p>\n\n\n\n<p>En su intervenci\u00f3n, tambi\u00e9n ha reivindicado el liderazgo de Gandia en el \u00e1mbito de las comarcas centrales valencianas, destacando su papel como polo de atracci\u00f3n, innovaci\u00f3n y referencia territorial. \u201cGandia es una ciudad para vivir, invertir, crear e innovar\u201d, ha afirmado.<br>Prieto ha concluido defendiendo que el trabajo m\u00e1s productivo \u201ces aquel que se realiza con prop\u00f3sito, felicidad y alianzas reales\u201d, confiando en que la jornada genere iniciativas innovadoras que refuercen el desarrollo de los territorios participantes.<\/p>\n\n\n\n<h3 class=\"wp-block-heading\"><strong>Conferencias y di\u00e1logos para repensar el territorio<\/strong><\/h3>\n\n\n\n<p>El programa ha comenzado con la ponencia <em>\u201cInnovar, co-crear y transformar en colectivo\u201d<\/em>, impartida por <strong>Javier Recuenco<\/strong>, fundador de Singular Solving y experto en resoluci\u00f3n de problemas complejos, quien ha presentado su metodolog\u00eda <em>Moonshoot Thinking<\/em> aplicada a los territorios.<\/p>\n\n\n\n<p>Posteriormente se ha celebrado la mesa redonda <em>\u201cLas nuevas reglas del juego para el empleo del ma\u00f1ana\u201d<\/em>, moderada por <strong>Miguel Juan Bello<\/strong> (Fundaci\u00f3n \u00c9tnor), con la participaci\u00f3n de Ram\u00f3n Soler, David Pardo, Jorge Bret\u00f3 y Berti Barber Castell\u00e0. Durante el di\u00e1logo se han abordado cuestiones como la gesti\u00f3n del talento, el bienestar integral y la colaboraci\u00f3n entre empresas, administraciones y ciudadan\u00eda.<\/p>\n\n\n\n<p>El bloque final ha estado dedicado a la inteligencia artificial, con la conferencia <em>\u201cDe los datos al impacto social: Inteligencia Artificial para transformar el territorio local\u201d<\/em>, a cargo de <strong>Nerea Lu\u00eds Mingueza<\/strong>, doctora en Ciencias de la Computaci\u00f3n y asesora en IA, quien ha explicado c\u00f3mo el uso \u00e9tico de los datos puede mejorar la cohesi\u00f3n social, la eficiencia y la sostenibilidad.<\/p>\n\n\n\n<h3 class=\"wp-block-heading\"><strong>Clausura y Asamblea de la Xarxa RETOS<\/strong><\/h3>\n\n\n\n<p>La jornada ha sido clausurada por la concejala de Econom\u00eda, Empresa e Innovaci\u00f3n, <strong>Elena Moncho<\/strong>, quien ha destacado el papel de Gandia como espacio de referencia en innovaci\u00f3n social y cooperaci\u00f3n territorial.<br>Moncho ha subrayado que la Xarxa RETOS, impulsada desde el Ministerio de Trabajo y Econom\u00eda Social, integra ayuntamientos, diputaciones, comarcas y entidades colaboradoras de <strong>13 comunidades aut\u00f3nomas<\/strong>, demostrando que \u201clos territorios avanzan m\u00e1s cuando avanzan juntos\u201d.<\/p>\n\n\n\n<p>Tras el cierre institucional, los miembros de la red han continuado con la celebraci\u00f3n de su <strong>Asamblea Anual<\/strong> en el mismo hotel.<\/p>\n","protected":false},"excerpt":{"rendered":"<p>El Hotel RH Bayren &amp; Spa ha acogido hoy la primera jornada \u201cTerritorios en Beta. De los desaf\u00edos compartidos a las ideas que sorprenden\u201d, un encuentro estatal que ha reunido a representantes del Ministerio de Trabajo, autoridades locales, ponentes de referencia y agentes econ\u00f3micos y sociales de distintos territorios integrantes de la Xarxa de Territoris&#8230;<\/p>\n","protected":false},"author":1,"featured_media":7698,"comment_status":"open","ping_status":"open","sticky":false,"template":"","format":"standard","meta":{"footnotes":""},"categories":[1,27],"tags":[],"class_list":["post-7697","post","type-post","status-publish","format-standard","has-post-thumbnail","hentry","category-actualidad","category-sociedad"],"_links":{"self":[{"href":"https:\/\/infogandia.es\/index.php\/wp-json\/wp\/v2\/posts\/7697","targetHints":{"allow":["GET"]}}],"collection":[{"href":"https:\/\/infogandia.es\/index.php\/wp-json\/wp\/v2\/posts"}],"about":[{"href":"https:\/\/infogandia.es\/index.php\/wp-json\/wp\/v2\/types\/post"}],"author":[{"embeddable":true,"href":"https:\/\/infogandia.es\/index.php\/wp-json\/wp\/v2\/users\/1"}],"replies":[{"embeddable":true,"href":"https:\/\/infogandia.es\/index.php\/wp-json\/wp\/v2\/comments?post=7697"}],"version-history":[{"count":1,"href":"https:\/\/infogandia.es\/index.php\/wp-json\/wp\/v2\/posts\/7697\/revisions"}],"predecessor-version":[{"id":7699,"href":"https:\/\/infogandia.es\/index.php\/wp-json\/wp\/v2\/posts\/7697\/revisions\/7699"}],"wp:featuredmedia":[{"embeddable":true,"href":"https:\/\/infogandia.es\/index.php\/wp-json\/wp\/v2\/media\/7698"}],"wp:attachment":[{"href":"https:\/\/infogandia.es\/index.php\/wp-json\/wp\/v2\/media?parent=7697"}],"wp:term":[{"taxonomy":"category","embeddable":true,"href":"https:\/\/infogandia.es\/index.php\/wp-json\/wp\/v2\/categories?post=7697"},{"taxonomy":"post_tag","embeddable":true,"href":"https:\/\/infogandia.es\/index.php\/wp-json\/wp\/v2\/tags?post=7697"}],"curies":[{"name":"wp","href":"https:\/\/api.w.org\/{rel}","templated":true}]}}