{"id":7700,"date":"2025-11-28T08:14:45","date_gmt":"2025-11-28T08:14:45","guid":{"rendered":"https:\/\/infogandia.es\/?p=7700"},"modified":"2025-11-28T08:14:45","modified_gmt":"2025-11-28T08:14:45","slug":"victor-soler-entrevista-a-jose-luis-mas-blay-una-de-las-memorias-vivas-de-gandia-en-su-podcast-parlem-de-gandia","status":"publish","type":"post","link":"https:\/\/infogandia.es\/index.php\/2025\/11\/28\/victor-soler-entrevista-a-jose-luis-mas-blay-una-de-las-memorias-vivas-de-gandia-en-su-podcast-parlem-de-gandia\/","title":{"rendered":"V\u00edctor Soler entrevista a Jos\u00e9 Luis Mas Blay, una de las memorias vivas de Gandia, en su podcast \u201cParlem de Gandia\u201d"},"content":{"rendered":"\n<p>El podcast <em>Parlem de Gandia<\/em>, conducido por V\u00edctor Soler, suma un nuevo episodio dedicado a las personas que han contribuido a construir la identidad de la ciudad. En esta ocasi\u00f3n, el invitado es <strong>Jos\u00e9 Luis Mas Blay<\/strong>, gandiense con una trayectoria marcada por su v\u00ednculo con la m\u00fasica, la radio, el periodismo y el mundo empresarial.<\/p>\n\n\n\n<p>Mas Blay fue miembro de <strong>Los Bosman<\/strong>, considerado el primer grupo de guitarras el\u00e9ctricas de Gandia. Su carrera radiof\u00f3nica se desarroll\u00f3 durante 15 a\u00f1os en <strong>Radio Gandia<\/strong>, donde present\u00f3 por primera vez en la ciudad el programa <strong>Los 40 Principales<\/strong> y tuvo ocasi\u00f3n de entrevistar a figuras destacadas como Joan Manuel Serrat, Julio Iglesias o el D\u00fao Din\u00e1mico.<\/p>\n\n\n\n<p>Su biograf\u00eda tambi\u00e9n incluye un marcado car\u00e1cter internacional. Pas\u00f3 parte de su infancia en <strong>Venezuela<\/strong>, complet\u00f3 estudios en <strong>Estados Unidos<\/strong> y lleg\u00f3 a coincidir con el presidente <strong>John F. Kennedy<\/strong> en un acto p\u00fablico. A lo largo de su vida ha viajado por <strong>48 pa\u00edses<\/strong>, acumulando experiencias que comparte en la entrevista con cercan\u00eda y sentido del humor.<\/p>\n\n\n\n<p>El episodio, cargado de recuerdos, an\u00e9cdotas y reflexiones sobre la transformaci\u00f3n de Gandia, permite recuperar la memoria viva de una ciudad en constante evoluci\u00f3n.<\/p>\n\n\n\n<p>Para V\u00edctor Soler, la conversaci\u00f3n ha sido \u201cun placer\u201d, destacando \u201cla naturalidad, sinceridad y frescura\u201d con la que Mas Blay repasa su trayectoria profesional y personal.<\/p>\n\n\n\n<p>El nuevo cap\u00edtulo estar\u00e1 disponible hoy <strong>viernes 28 de noviembre a las 15:00<\/strong> en el canal de YouTube de <strong>V\u00edctor Soler Beneyto<\/strong>.<\/p>\n","protected":false},"excerpt":{"rendered":"<p>El podcast Parlem de Gandia, conducido por V\u00edctor Soler, suma un nuevo episodio dedicado a las personas que han contribuido a construir la identidad de la ciudad. En esta ocasi\u00f3n, el invitado es Jos\u00e9 Luis Mas Blay, gandiense con una trayectoria marcada por su v\u00ednculo con la m\u00fasica, la radio, el periodismo y el mundo&#8230;<\/p>\n","protected":false},"author":1,"featured_media":7701,"comment_status":"open","ping_status":"open","sticky":false,"template":"","format":"standard","meta":{"footnotes":""},"categories":[1,27],"tags":[],"class_list":["post-7700","post","type-post","status-publish","format-standard","has-post-thumbnail","hentry","category-actualidad","category-sociedad"],"_links":{"self":[{"href":"https:\/\/infogandia.es\/index.php\/wp-json\/wp\/v2\/posts\/7700","targetHints":{"allow":["GET"]}}],"collection":[{"href":"https:\/\/infogandia.es\/index.php\/wp-json\/wp\/v2\/posts"}],"about":[{"href":"https:\/\/infogandia.es\/index.php\/wp-json\/wp\/v2\/types\/post"}],"author":[{"embeddable":true,"href":"https:\/\/infogandia.es\/index.php\/wp-json\/wp\/v2\/users\/1"}],"replies":[{"embeddable":true,"href":"https:\/\/infogandia.es\/index.php\/wp-json\/wp\/v2\/comments?post=7700"}],"version-history":[{"count":1,"href":"https:\/\/infogandia.es\/index.php\/wp-json\/wp\/v2\/posts\/7700\/revisions"}],"predecessor-version":[{"id":7702,"href":"https:\/\/infogandia.es\/index.php\/wp-json\/wp\/v2\/posts\/7700\/revisions\/7702"}],"wp:featuredmedia":[{"embeddable":true,"href":"https:\/\/infogandia.es\/index.php\/wp-json\/wp\/v2\/media\/7701"}],"wp:attachment":[{"href":"https:\/\/infogandia.es\/index.php\/wp-json\/wp\/v2\/media?parent=7700"}],"wp:term":[{"taxonomy":"category","embeddable":true,"href":"https:\/\/infogandia.es\/index.php\/wp-json\/wp\/v2\/categories?post=7700"},{"taxonomy":"post_tag","embeddable":true,"href":"https:\/\/infogandia.es\/index.php\/wp-json\/wp\/v2\/tags?post=7700"}],"curies":[{"name":"wp","href":"https:\/\/api.w.org\/{rel}","templated":true}]}}