{"id":7709,"date":"2025-11-28T09:19:49","date_gmt":"2025-11-28T09:19:49","guid":{"rendered":"https:\/\/infogandia.es\/?p=7709"},"modified":"2025-11-28T09:19:49","modified_gmt":"2025-11-28T09:19:49","slug":"vicky-foods-inaugura-su-primera-planta-de-produccion-en-francia-un-hito-en-su-expansion-internacional","status":"publish","type":"post","link":"https:\/\/infogandia.es\/index.php\/2025\/11\/28\/vicky-foods-inaugura-su-primera-planta-de-produccion-en-francia-un-hito-en-su-expansion-internacional\/","title":{"rendered":"Vicky Foods inaugura su primera planta de producci\u00f3n en Francia, un hito en su expansi\u00f3n internacional"},"content":{"rendered":"\n<p>El grupo internacional de alimentaci\u00f3n <strong>Vicky Foods<\/strong> ha inaugurado hoy su primera planta de producci\u00f3n en Francia, en <strong>Fragnes-La Loy\u00e8re<\/strong>, consolidando su estrategia de crecimiento y presencia en el mercado europeo. La ceremonia cont\u00f3 con la asistencia del <strong>ministro de Industria franc\u00e9s, S\u00e9bastien Martin<\/strong>, del presidente de la regi\u00f3n Bourgogne Franche-Comt\u00e9, <strong>J\u00e9r\u00f4me Durain<\/strong>, y del presidente de Gran Chalon, <strong>Dominique Juillot<\/strong>, as\u00ed como de representantes institucionales y del sector empresarial.<\/p>\n\n\n\n<p>El <strong>nuevo complejo industrial<\/strong> ha supuesto una inversi\u00f3n superior a <strong>100 millones de euros<\/strong>, con una superficie inicial de <strong>23.578 m\u00b2<\/strong> y tecnolog\u00eda de \u00faltima generaci\u00f3n, incluyendo sistemas 4.0 y placas fotovoltaicas que cubren un 30% de las necesidades energ\u00e9ticas de la planta. En esta primera fase, se han activado l\u00edneas de producci\u00f3n de pan de hamburguesa, con una segunda l\u00ednea de pan de molde en pruebas y una tercera l\u00ednea de pasteler\u00eda prevista para 2027.<\/p>\n\n\n\n<p>Actualmente, el centro cuenta con cerca de <strong>100 empleados<\/strong>, y se espera incorporar entre <strong>100 y 120 profesionales adicionales<\/strong> en los pr\u00f3ximos 12-18 meses. Una vez completada la tercera l\u00ednea, la planta generar\u00e1 en torno a <strong>300 empleos directos<\/strong>, mientras que la segunda fase de expansi\u00f3n permitir\u00e1 alcanzar hasta <strong>1.000 puestos de trabajo<\/strong> a largo plazo.<\/p>\n\n\n\n<p>El <strong>CEO de Vicky Foods, Rafael Juan<\/strong>, destac\u00f3 que la planta en Francia representa \u201cel resultado de a\u00f1os de esfuerzo y trabajo en equipo, y el inicio de una nueva etapa para innovar y generar oportunidades, siempre con la sostenibilidad y las personas en el centro de nuestra estrategia\u201d. Por su parte, <strong>Dominique Juillot<\/strong> destac\u00f3 la importancia del proyecto para la reindustrializaci\u00f3n y el dinamismo econ\u00f3mico de Gran Chalon.<\/p>\n\n\n\n<p>Con esta inauguraci\u00f3n, Vicky Foods refuerza su presencia en Francia y en mercados cercanos como Alemania, Reino Unido, Benelux, Italia y Suiza, optimizando la cercan\u00eda con clientes y proveedores clave. Francia representa actualmente el <strong>7,5 % del negocio global<\/strong> de la compa\u00f1\u00eda, que cerr\u00f3 2024 con <strong>707 millones de euros de facturaci\u00f3n<\/strong>, un 12 % m\u00e1s que el a\u00f1o anterior.<\/p>\n\n\n\n<h3 class=\"wp-block-heading\"><strong>Sobre Vicky Foods<\/strong><\/h3>\n\n\n\n<p>Vicky Foods es una empresa familiar con m\u00e1s de <strong>70 a\u00f1os de trayectoria<\/strong>, l\u00edder en pasteler\u00eda y boller\u00eda en Espa\u00f1a. Actualmente emplea a <strong>3.688 personas<\/strong> y cuenta con centros de producci\u00f3n en Gand\u00eda, Villalonga, Argelia y ahora Francia, adem\u00e1s de <strong>24 delegaciones comerciales<\/strong> en Espa\u00f1a, Portugal, Argelia, Reino Unido y Francia. Entre sus marcas destacan <strong>Dulcesol\u00ae, Hermanos Juan\u00ae, Be Plus\u00ae, Il Forno di Giovanni Ricci\u00ae<\/strong> y <strong>FIT\u2019Z\u00ae<\/strong>. El grupo mantiene un fuerte compromiso con la innovaci\u00f3n, la sostenibilidad y la acci\u00f3n social a trav\u00e9s de la <strong>Fundaci\u00f3n Vicky Foods<\/strong>.<\/p>\n","protected":false},"excerpt":{"rendered":"<p>El grupo internacional de alimentaci\u00f3n Vicky Foods ha inaugurado hoy su primera planta de producci\u00f3n en Francia, en Fragnes-La Loy\u00e8re, consolidando su estrategia de crecimiento y presencia en el mercado europeo. La ceremonia cont\u00f3 con la asistencia del ministro de Industria franc\u00e9s, S\u00e9bastien Martin, del presidente de la regi\u00f3n Bourgogne Franche-Comt\u00e9, J\u00e9r\u00f4me Durain, y del&#8230;<\/p>\n","protected":false},"author":1,"featured_media":7710,"comment_status":"open","ping_status":"open","sticky":false,"template":"","format":"standard","meta":{"footnotes":""},"categories":[1,6],"tags":[],"class_list":["post-7709","post","type-post","status-publish","format-standard","has-post-thumbnail","hentry","category-actualidad","category-economia"],"_links":{"self":[{"href":"https:\/\/infogandia.es\/index.php\/wp-json\/wp\/v2\/posts\/7709","targetHints":{"allow":["GET"]}}],"collection":[{"href":"https:\/\/infogandia.es\/index.php\/wp-json\/wp\/v2\/posts"}],"about":[{"href":"https:\/\/infogandia.es\/index.php\/wp-json\/wp\/v2\/types\/post"}],"author":[{"embeddable":true,"href":"https:\/\/infogandia.es\/index.php\/wp-json\/wp\/v2\/users\/1"}],"replies":[{"embeddable":true,"href":"https:\/\/infogandia.es\/index.php\/wp-json\/wp\/v2\/comments?post=7709"}],"version-history":[{"count":1,"href":"https:\/\/infogandia.es\/index.php\/wp-json\/wp\/v2\/posts\/7709\/revisions"}],"predecessor-version":[{"id":7711,"href":"https:\/\/infogandia.es\/index.php\/wp-json\/wp\/v2\/posts\/7709\/revisions\/7711"}],"wp:featuredmedia":[{"embeddable":true,"href":"https:\/\/infogandia.es\/index.php\/wp-json\/wp\/v2\/media\/7710"}],"wp:attachment":[{"href":"https:\/\/infogandia.es\/index.php\/wp-json\/wp\/v2\/media?parent=7709"}],"wp:term":[{"taxonomy":"category","embeddable":true,"href":"https:\/\/infogandia.es\/index.php\/wp-json\/wp\/v2\/categories?post=7709"},{"taxonomy":"post_tag","embeddable":true,"href":"https:\/\/infogandia.es\/index.php\/wp-json\/wp\/v2\/tags?post=7709"}],"curies":[{"name":"wp","href":"https:\/\/api.w.org\/{rel}","templated":true}]}}