{"id":7715,"date":"2025-12-01T09:08:31","date_gmt":"2025-12-01T09:08:31","guid":{"rendered":"https:\/\/infogandia.es\/?p=7715"},"modified":"2025-12-01T09:08:32","modified_gmt":"2025-12-01T09:08:32","slug":"el-pp-de-gandia-participa-en-la-manifestacion-de-madrid-en-defensa-de-la-democracia","status":"publish","type":"post","link":"https:\/\/infogandia.es\/index.php\/2025\/12\/01\/el-pp-de-gandia-participa-en-la-manifestacion-de-madrid-en-defensa-de-la-democracia\/","title":{"rendered":"El PP de Gandia participa en la manifestaci\u00f3n de Madrid en defensa de la democracia"},"content":{"rendered":"\n<p>Ayer, 30 de noviembre, la delegaci\u00f3n del Partido Popular de Gandia se desplaz\u00f3 a Madrid para asistir a la manifestaci\u00f3n convocada por el Partido Popular bajo el lema \u201cmafia o democracia\u201d, una protesta con la que la formaci\u00f3n exig\u00eda la celebraci\u00f3n de elecciones generales ante los recientes casos de corrupci\u00f3n que afectan al Partido Socialista.<\/p>\n\n\n\n<p>El presidente del PP de Gandia, V\u00edctor Soler, explic\u00f3 que el partido quiere \u201cponer fin a un gobierno agotado\u201d y afirm\u00f3: \u201cEstamos cansados de los casos que afectan a figuras como Koldo o \u00c1balos, y hemos venido a Madrid para decirlo alto y claro. El PP quiere elecciones para gobernar y devolver a Espa\u00f1a la dignidad y la democracia\u201d.<\/p>\n\n\n\n<figure class=\"wp-block-image size-large\"><img fetchpriority=\"high\" decoding=\"async\" width=\"1024\" height=\"768\" src=\"http:\/\/infogandia.es\/wp-content\/uploads\/2025\/12\/588353322_18544050901028781_6132670050142932666_n-1024x768.jpg\" alt=\"\" class=\"wp-image-7716\" srcset=\"https:\/\/infogandia.es\/wp-content\/uploads\/2025\/12\/588353322_18544050901028781_6132670050142932666_n-1024x768.jpg 1024w, https:\/\/infogandia.es\/wp-content\/uploads\/2025\/12\/588353322_18544050901028781_6132670050142932666_n-300x225.jpg 300w, https:\/\/infogandia.es\/wp-content\/uploads\/2025\/12\/588353322_18544050901028781_6132670050142932666_n-768x576.jpg 768w, https:\/\/infogandia.es\/wp-content\/uploads\/2025\/12\/588353322_18544050901028781_6132670050142932666_n.jpg 1440w\" sizes=\"(max-width: 1024px) 100vw, 1024px\" \/><\/figure>\n\n\n\n<p>Soler tambi\u00e9n hizo referencia a la situaci\u00f3n en la ciudad: \u201cEn Gandia llevamos 39 a\u00f1os padeciendo lo que consideramos una mafia socialista y no necesitamos que nadie nos explique lo que eso significa. Son quienes creen que, en lugar de gobernar para la ciudadan\u00eda, la ciudadan\u00eda debe trabajar para ellos. Estamos cansados de esa forma de entender el poder y exigimos que salgan de nuestras instituciones, tanto en Gandia como en Espa\u00f1a\u201d.<\/p>\n\n\n\n<p>Para concluir, Soler destac\u00f3 que \u201cFeij\u00f3o representa la alternativa capaz de recuperar no solo la democracia y la dignidad, sino tambi\u00e9n la ilusi\u00f3n por una nueva etapa en la que el sanchismo quede reducido a una simple y triste p\u00e1gina del pasado\u201d.<\/p>\n","protected":false},"excerpt":{"rendered":"<p>Ayer, 30 de noviembre, la delegaci\u00f3n del Partido Popular de Gandia se desplaz\u00f3 a Madrid para asistir a la manifestaci\u00f3n convocada por el Partido Popular bajo el lema \u201cmafia o democracia\u201d, una protesta con la que la formaci\u00f3n exig\u00eda la celebraci\u00f3n de elecciones generales ante los recientes casos de corrupci\u00f3n que afectan al Partido Socialista&#8230;.<\/p>\n","protected":false},"author":1,"featured_media":7717,"comment_status":"open","ping_status":"open","sticky":false,"template":"","format":"standard","meta":{"footnotes":""},"categories":[1,3],"tags":[],"class_list":["post-7715","post","type-post","status-publish","format-standard","has-post-thumbnail","hentry","category-actualidad","category-politica"],"_links":{"self":[{"href":"https:\/\/infogandia.es\/index.php\/wp-json\/wp\/v2\/posts\/7715","targetHints":{"allow":["GET"]}}],"collection":[{"href":"https:\/\/infogandia.es\/index.php\/wp-json\/wp\/v2\/posts"}],"about":[{"href":"https:\/\/infogandia.es\/index.php\/wp-json\/wp\/v2\/types\/post"}],"author":[{"embeddable":true,"href":"https:\/\/infogandia.es\/index.php\/wp-json\/wp\/v2\/users\/1"}],"replies":[{"embeddable":true,"href":"https:\/\/infogandia.es\/index.php\/wp-json\/wp\/v2\/comments?post=7715"}],"version-history":[{"count":1,"href":"https:\/\/infogandia.es\/index.php\/wp-json\/wp\/v2\/posts\/7715\/revisions"}],"predecessor-version":[{"id":7718,"href":"https:\/\/infogandia.es\/index.php\/wp-json\/wp\/v2\/posts\/7715\/revisions\/7718"}],"wp:featuredmedia":[{"embeddable":true,"href":"https:\/\/infogandia.es\/index.php\/wp-json\/wp\/v2\/media\/7717"}],"wp:attachment":[{"href":"https:\/\/infogandia.es\/index.php\/wp-json\/wp\/v2\/media?parent=7715"}],"wp:term":[{"taxonomy":"category","embeddable":true,"href":"https:\/\/infogandia.es\/index.php\/wp-json\/wp\/v2\/categories?post=7715"},{"taxonomy":"post_tag","embeddable":true,"href":"https:\/\/infogandia.es\/index.php\/wp-json\/wp\/v2\/tags?post=7715"}],"curies":[{"name":"wp","href":"https:\/\/api.w.org\/{rel}","templated":true}]}}