{"id":7723,"date":"2025-12-01T16:42:47","date_gmt":"2025-12-01T16:42:47","guid":{"rendered":"https:\/\/infogandia.es\/?p=7723"},"modified":"2025-12-01T16:42:47","modified_gmt":"2025-12-01T16:42:47","slug":"gandia-estrena-un-nadal-magico-con-mas-de-120-actividades-y-una-iluminacion-renovada-y-sostenible","status":"publish","type":"post","link":"https:\/\/infogandia.es\/index.php\/2025\/12\/01\/gandia-estrena-un-nadal-magico-con-mas-de-120-actividades-y-una-iluminacion-renovada-y-sostenible\/","title":{"rendered":"Gandia estrena un Nadal m\u00e1gico con m\u00e1s de 120 actividades y una iluminaci\u00f3n renovada y sostenible"},"content":{"rendered":"\n<p>El alcalde de Gandia, Jos\u00e9 Manuel Prieto, junto a la concejala de Cultura, Pol\u00edtica Festiva y Turismo, Balbina Sendra, ha presentado hoy la programaci\u00f3n navide\u00f1a de este a\u00f1o, que arrancar\u00e1 el pr\u00f3ximo mi\u00e9rcoles con el tradicional encendido de luces y concluir\u00e1 el 5 de enero con la Cabalgata de los Reyes Magos. En el acto tambi\u00e9n se ha dado a conocer la nueva imagen gr\u00e1fica \u201cGandia, el teu Nadal\u201d.<\/p>\n\n\n\n<p>Prieto destac\u00f3 que pueden existir muchas maneras de vivir la Navidad, \u201cpero en ning\u00fan lugar se vive como en Gandia\u201d, subrayando que la ciudad ofrece un calendario pensado para todos los p\u00fablicos, con espect\u00e1culos en la calle, propuestas culturales y actividades tradicionales que consolidan a Gandia como referente navide\u00f1o.<\/p>\n\n\n\n<p>El alcalde present\u00f3 adem\u00e1s la nueva identidad visual, dise\u00f1ada por el creador local Tonet Dur\u00e0 e inspirada en la flor de Pascua. Seg\u00fan explic\u00f3, esta imagen \u201cresume lo mejor de nosotros y convierte la Navidad en una celebraci\u00f3n para compartir y seguir construyendo juntos nuestro proyecto de ciudad\u201d.<\/p>\n\n\n\n<h3 class=\"wp-block-heading\">Iluminaci\u00f3n sostenible y ampliada<\/h3>\n\n\n\n<p>El encendido oficial tendr\u00e1 lugar el mi\u00e9rcoles 4 de diciembre a las 18:30 horas con un espect\u00e1culo de m\u00fasica y luces. El \u00e1rbol del Prado volver\u00e1 a ser el punto central de una iluminaci\u00f3n completamente renovada, que unifica tonos plata y dorado, apuesta por la eficiencia energ\u00e9tica y recibe este a\u00f1o la mayor inversi\u00f3n destinada a ornamentaci\u00f3n navide\u00f1a.<\/p>\n\n\n\n<p>Prieto asegur\u00f3 que \u201cser\u00e1 la mejor iluminaci\u00f3n que se ha instalado nunca en Gandia, con mayor potencia, un dise\u00f1o m\u00e1s cuidado y presencia en toda la ciudad\u201d.<\/p>\n\n\n\n<h3 class=\"wp-block-heading\">M\u00e1s de 120 actividades para todos los p\u00fablicos<\/h3>\n\n\n\n<p>La concejala Balbina Sendra explic\u00f3 que el programa incluye m\u00e1s de 120 actividades impulsadas por 21 entidades locales, en colaboraci\u00f3n con el Ayuntamiento y las juntas de distrito, repartidas por todos los barrios. Entre las novedades destacan:<\/p>\n\n\n\n<ul class=\"wp-block-list\">\n<li><strong>Casa de Pap\u00e1 Noel en Laponia<\/strong>, con un ascensor m\u00e1gico en el jard\u00edn de la Casa de la Marquesa, visitable hasta el 24 de diciembre.<\/li>\n\n\n\n<li><strong>Zona infantil en la Plaza Mayor<\/strong>, del 26 al 30 de diciembre, con juegos, actuaciones musicales y atracciones hinchables.<\/li>\n\n\n\n<li><strong>Taller postal m\u00e1gico<\/strong> en la Sala de los Arcos del Ayuntamiento, del 12 de diciembre al 5 de enero, para redactar y enviar cartas a Pap\u00e1 Noel y a los Reyes Magos.<\/li>\n\n\n\n<li><strong>Campamento Real<\/strong> en el camino de la Ermita de Santana, ampliado y m\u00e1s accesible.<\/li>\n\n\n\n<li><strong>Espect\u00e1culo de drones<\/strong>, con 150 aparatos iluminando el cielo en la Plaza del Tirant el 4 de enero, acompa\u00f1ando la llegada del Emisario Real.<\/li>\n\n\n\n<li><strong>Diez conciertos<\/strong> de asociaciones corales y musicales, incluido el Concierto de Navidad de la Orquesta Sinf\u00f3nica Victoria Fern\u00e1ndez Prieto.<\/li>\n\n\n\n<li><strong>Representaci\u00f3n del \u201cCant de la Sibil\u00b7la\u201d<\/strong>, drama lit\u00fargico medieval, el domingo 21 de diciembre a las 21:00 horas.<\/li>\n\n\n\n<li><strong>Noche de Fin de A\u00f1o<\/strong>, tanto infantil como para adultos, en la carpa instalada en la Plaza Tirant.<\/li>\n<\/ul>\n\n\n\n<p>Se mantienen adem\u00e1s tradiciones como la Fireta del Prado, la estaci\u00f3n del tren de Navidad en el centro hist\u00f3rico y una Cabalgata de Reyes Magos con recorrido ampliado para llegar a todos los barrios.<\/p>\n\n\n\n<h3 class=\"wp-block-heading\">Un ambiente festivo que impulsa el comercio local<\/h3>\n\n\n\n<p>Prieto explic\u00f3 que la programaci\u00f3n busca crear un ambiente navide\u00f1o en toda la ciudad para \u201capoyar al comercio local, reforzar la identidad cultural y ofrecer una experiencia acogedora, atractiva y sostenible tanto para vecinos como para visitantes\u201d.<\/p>\n\n\n\n<p>Sendra a\u00f1adi\u00f3 que la Navidad en Gandia \u201cse vive en la calle\u201d, con espect\u00e1culos, talleres, actividades familiares y musicales pensadas para todos los gustos y edades, convirtiendo la ciudad en un gran escenario festivo.<\/p>\n\n\n\n<p>Tambi\u00e9n remarc\u00f3 la importancia de mantener tradiciones como los concursos de tarjetas y escaparates, y de reforzar el centro hist\u00f3rico con m\u00fasica en directo y teatro de calle, animando as\u00ed la actividad comercial.<\/p>\n\n\n\n<p>La concejala agradeci\u00f3 la colaboraci\u00f3n de los equipamientos culturales y asociaciones locales, que organizan actividades en el Teatro Serrano, las bibliotecas municipales, el Palau Ducal y otros espacios patrimoniales de la ciudad.<\/p>\n\n\n\n<h3 class=\"wp-block-heading\">Disponibilidad de la programaci\u00f3n<\/h3>\n\n\n\n<p>La agenda completa podr\u00e1 consultarse a partir del 12 de diciembre en formato papel en los edificios emblem\u00e1ticos y en las redes sociales de Cultura, Fira i Festes y Visit Gandia.<\/p>\n","protected":false},"excerpt":{"rendered":"<p>El alcalde de Gandia, Jos\u00e9 Manuel Prieto, junto a la concejala de Cultura, Pol\u00edtica Festiva y Turismo, Balbina Sendra, ha presentado hoy la programaci\u00f3n navide\u00f1a de este a\u00f1o, que arrancar\u00e1 el pr\u00f3ximo mi\u00e9rcoles con el tradicional encendido de luces y concluir\u00e1 el 5 de enero con la Cabalgata de los Reyes Magos. En el acto&#8230;<\/p>\n","protected":false},"author":1,"featured_media":7724,"comment_status":"open","ping_status":"open","sticky":false,"template":"","format":"standard","meta":{"footnotes":""},"categories":[1,27],"tags":[],"class_list":["post-7723","post","type-post","status-publish","format-standard","has-post-thumbnail","hentry","category-actualidad","category-sociedad"],"_links":{"self":[{"href":"https:\/\/infogandia.es\/index.php\/wp-json\/wp\/v2\/posts\/7723","targetHints":{"allow":["GET"]}}],"collection":[{"href":"https:\/\/infogandia.es\/index.php\/wp-json\/wp\/v2\/posts"}],"about":[{"href":"https:\/\/infogandia.es\/index.php\/wp-json\/wp\/v2\/types\/post"}],"author":[{"embeddable":true,"href":"https:\/\/infogandia.es\/index.php\/wp-json\/wp\/v2\/users\/1"}],"replies":[{"embeddable":true,"href":"https:\/\/infogandia.es\/index.php\/wp-json\/wp\/v2\/comments?post=7723"}],"version-history":[{"count":1,"href":"https:\/\/infogandia.es\/index.php\/wp-json\/wp\/v2\/posts\/7723\/revisions"}],"predecessor-version":[{"id":7725,"href":"https:\/\/infogandia.es\/index.php\/wp-json\/wp\/v2\/posts\/7723\/revisions\/7725"}],"wp:featuredmedia":[{"embeddable":true,"href":"https:\/\/infogandia.es\/index.php\/wp-json\/wp\/v2\/media\/7724"}],"wp:attachment":[{"href":"https:\/\/infogandia.es\/index.php\/wp-json\/wp\/v2\/media?parent=7723"}],"wp:term":[{"taxonomy":"category","embeddable":true,"href":"https:\/\/infogandia.es\/index.php\/wp-json\/wp\/v2\/categories?post=7723"},{"taxonomy":"post_tag","embeddable":true,"href":"https:\/\/infogandia.es\/index.php\/wp-json\/wp\/v2\/tags?post=7723"}],"curies":[{"name":"wp","href":"https:\/\/api.w.org\/{rel}","templated":true}]}}