{"id":7726,"date":"2025-12-02T16:38:59","date_gmt":"2025-12-02T16:38:59","guid":{"rendered":"https:\/\/infogandia.es\/?p=7726"},"modified":"2025-12-02T16:38:59","modified_gmt":"2025-12-02T16:38:59","slug":"la-fvmp-condena-las-declaraciones-del-presidente-de-la-chj-y-exige-respeto-e-inversion-real-para-los-municipios-valencianos","status":"publish","type":"post","link":"https:\/\/infogandia.es\/index.php\/2025\/12\/02\/la-fvmp-condena-las-declaraciones-del-presidente-de-la-chj-y-exige-respeto-e-inversion-real-para-los-municipios-valencianos\/","title":{"rendered":"La FVMP condena las declaraciones del presidente de la CHJ y exige respeto e inversi\u00f3n real para los municipios valencianos"},"content":{"rendered":"\n<p>La Federaci\u00f3n Valenciana de Municipios y Provincias (FVMP) ha mostrado su profundo malestar por las recientes declaraciones del presidente de la Confederaci\u00f3n Hidrogr\u00e1fica del J\u00facar, Miguel Polo, quien calific\u00f3 la gesti\u00f3n municipal de las inundaciones como una \u201cempanada mental\u201d. La entidad considera estas palabras una falta de respeto institucional inadmisible y un desprecio hacia el trabajo de los ayuntamientos, que han actuado con responsabilidad en la gesti\u00f3n de emergencias y en la atenci\u00f3n a la poblaci\u00f3n afectada.<\/p>\n\n\n\n<p>Durante a\u00f1os, los municipios valencianos han soportado una presi\u00f3n enorme para afrontar las consecuencias de unas infraestructuras hidr\u00e1ulicas pendientes desde hace demasiado tiempo. Han tenido que asumir actuaciones urgentes, labores de limpieza, realojos de familias y ayudas directas, adem\u00e1s de coordinar dispositivos en momentos cr\u00edticos, mientras reclamaban inversiones que competen a otras administraciones. Todo este esfuerzo, discreto pero constante, ha reca\u00eddo en los gobiernos locales y en la ciudadan\u00eda, que ha pagado un alto precio por la ausencia de soluciones estructurales.<\/p>\n\n\n\n<p>La presidenta de la FVMP, Paqui Bartual, ha subrayado que \u201ces inaceptable que, en lugar de avanzar hacia una cooperaci\u00f3n t\u00e9cnica y una planificaci\u00f3n eficaz que evite futuras tragedias, se recurra a la burla y la descalificaci\u00f3n p\u00fablica\u201d. Seg\u00fan Bartual, estas manifestaciones suponen una ofensa para miles de valencianos y valencianas que han sufrido inundaciones, da\u00f1os materiales y episodios de gran angustia derivados de fen\u00f3menos clim\u00e1ticos extremos. \u201cEn situaciones as\u00ed no hay cabida para la iron\u00eda ni para la frivolidad\u201d, ha afirmado.<\/p>\n\n\n\n<p>Ante esta situaci\u00f3n, la FVMP reclama una rectificaci\u00f3n inmediata y un cambio de actitud por parte de la Confederaci\u00f3n Hidrogr\u00e1fica del J\u00facar. Recuerda que la lucha contra las inundaciones exige verdadera coordinaci\u00f3n entre administraciones, una planificaci\u00f3n rigurosa e inversiones urgentes, no confrontaciones institucionales ni discursos que minimizan el esfuerzo de quienes act\u00faan en primera l\u00ednea en cada emergencia.<\/p>\n\n\n\n<p>La Federaci\u00f3n reitera su compromiso con los municipios y subraya que la colaboraci\u00f3n entre administraciones es el \u00fanico camino para garantizar la seguridad, la protecci\u00f3n civil y el bienestar de la ciudadan\u00eda de la Comunitat Valenciana.<\/p>\n","protected":false},"excerpt":{"rendered":"<p>La Federaci\u00f3n Valenciana de Municipios y Provincias (FVMP) ha mostrado su profundo malestar por las recientes declaraciones del presidente de la Confederaci\u00f3n Hidrogr\u00e1fica del J\u00facar, Miguel Polo, quien calific\u00f3 la gesti\u00f3n municipal de las inundaciones como una \u201cempanada mental\u201d. La entidad considera estas palabras una falta de respeto institucional inadmisible y un desprecio hacia el&#8230;<\/p>\n","protected":false},"author":1,"featured_media":0,"comment_status":"open","ping_status":"open","sticky":false,"template":"","format":"standard","meta":{"footnotes":""},"categories":[1],"tags":[],"class_list":["post-7726","post","type-post","status-publish","format-standard","hentry","category-actualidad"],"_links":{"self":[{"href":"https:\/\/infogandia.es\/index.php\/wp-json\/wp\/v2\/posts\/7726","targetHints":{"allow":["GET"]}}],"collection":[{"href":"https:\/\/infogandia.es\/index.php\/wp-json\/wp\/v2\/posts"}],"about":[{"href":"https:\/\/infogandia.es\/index.php\/wp-json\/wp\/v2\/types\/post"}],"author":[{"embeddable":true,"href":"https:\/\/infogandia.es\/index.php\/wp-json\/wp\/v2\/users\/1"}],"replies":[{"embeddable":true,"href":"https:\/\/infogandia.es\/index.php\/wp-json\/wp\/v2\/comments?post=7726"}],"version-history":[{"count":1,"href":"https:\/\/infogandia.es\/index.php\/wp-json\/wp\/v2\/posts\/7726\/revisions"}],"predecessor-version":[{"id":7727,"href":"https:\/\/infogandia.es\/index.php\/wp-json\/wp\/v2\/posts\/7726\/revisions\/7727"}],"wp:attachment":[{"href":"https:\/\/infogandia.es\/index.php\/wp-json\/wp\/v2\/media?parent=7726"}],"wp:term":[{"taxonomy":"category","embeddable":true,"href":"https:\/\/infogandia.es\/index.php\/wp-json\/wp\/v2\/categories?post=7726"},{"taxonomy":"post_tag","embeddable":true,"href":"https:\/\/infogandia.es\/index.php\/wp-json\/wp\/v2\/tags?post=7726"}],"curies":[{"name":"wp","href":"https:\/\/api.w.org\/{rel}","templated":true}]}}