{"id":7728,"date":"2025-12-02T16:42:01","date_gmt":"2025-12-02T16:42:01","guid":{"rendered":"https:\/\/infogandia.es\/?p=7728"},"modified":"2025-12-02T16:42:02","modified_gmt":"2025-12-02T16:42:02","slug":"primera-matinal-solidaria-de-navidad-en-gandia","status":"publish","type":"post","link":"https:\/\/infogandia.es\/index.php\/2025\/12\/02\/primera-matinal-solidaria-de-navidad-en-gandia\/","title":{"rendered":"Primera Matinal Solidaria de Navidad en Gandia"},"content":{"rendered":"\n<p>La plaza del Tirant acogi\u00f3 el pasado s\u00e1bado la primera Matinal Solidaria de Navidad, un evento organizado por la Fundaci\u00f3n Next2U en colaboraci\u00f3n con el proyecto COVE y el Ayuntamiento de Gandia. La iniciativa naci\u00f3 con el prop\u00f3sito de movilizar a la ciudadan\u00eda, de forma festiva y solidaria, para ayudar a quienes m\u00e1s lo necesitan.<\/p>\n\n\n\n<p>El alcalde de Gandia, Jos\u00e9 Manuel Prieto, junto a otros miembros de la corporaci\u00f3n municipal, asisti\u00f3 a la jornada y aprovech\u00f3 la ocasi\u00f3n para felicitar a los organizadores por la propuesta. Prieto tambi\u00e9n destac\u00f3 la labor y el compromiso de los colectivos y entidades que, a lo largo de todo el a\u00f1o, se vuelcan en diversas causas solidarias.<\/p>\n","protected":false},"excerpt":{"rendered":"<p>La plaza del Tirant acogi\u00f3 el pasado s\u00e1bado la primera Matinal Solidaria de Navidad, un evento organizado por la Fundaci\u00f3n Next2U en colaboraci\u00f3n con el proyecto COVE y el Ayuntamiento de Gandia. La iniciativa naci\u00f3 con el prop\u00f3sito de movilizar a la ciudadan\u00eda, de forma festiva y solidaria, para ayudar a quienes m\u00e1s lo necesitan&#8230;.<\/p>\n","protected":false},"author":1,"featured_media":7729,"comment_status":"open","ping_status":"open","sticky":false,"template":"","format":"standard","meta":{"footnotes":""},"categories":[1],"tags":[],"class_list":["post-7728","post","type-post","status-publish","format-standard","has-post-thumbnail","hentry","category-actualidad"],"_links":{"self":[{"href":"https:\/\/infogandia.es\/index.php\/wp-json\/wp\/v2\/posts\/7728","targetHints":{"allow":["GET"]}}],"collection":[{"href":"https:\/\/infogandia.es\/index.php\/wp-json\/wp\/v2\/posts"}],"about":[{"href":"https:\/\/infogandia.es\/index.php\/wp-json\/wp\/v2\/types\/post"}],"author":[{"embeddable":true,"href":"https:\/\/infogandia.es\/index.php\/wp-json\/wp\/v2\/users\/1"}],"replies":[{"embeddable":true,"href":"https:\/\/infogandia.es\/index.php\/wp-json\/wp\/v2\/comments?post=7728"}],"version-history":[{"count":1,"href":"https:\/\/infogandia.es\/index.php\/wp-json\/wp\/v2\/posts\/7728\/revisions"}],"predecessor-version":[{"id":7730,"href":"https:\/\/infogandia.es\/index.php\/wp-json\/wp\/v2\/posts\/7728\/revisions\/7730"}],"wp:featuredmedia":[{"embeddable":true,"href":"https:\/\/infogandia.es\/index.php\/wp-json\/wp\/v2\/media\/7729"}],"wp:attachment":[{"href":"https:\/\/infogandia.es\/index.php\/wp-json\/wp\/v2\/media?parent=7728"}],"wp:term":[{"taxonomy":"category","embeddable":true,"href":"https:\/\/infogandia.es\/index.php\/wp-json\/wp\/v2\/categories?post=7728"},{"taxonomy":"post_tag","embeddable":true,"href":"https:\/\/infogandia.es\/index.php\/wp-json\/wp\/v2\/tags?post=7728"}],"curies":[{"name":"wp","href":"https:\/\/api.w.org\/{rel}","templated":true}]}}