{"id":7743,"date":"2025-12-04T10:24:25","date_gmt":"2025-12-04T10:24:25","guid":{"rendered":"https:\/\/infogandia.es\/?p=7743"},"modified":"2025-12-04T10:24:26","modified_gmt":"2025-12-04T10:24:26","slug":"peniscola-ontinyent-y-alfafara-protagonizan-el-programa-21-de-terra-de-festes-que-pasa-a-emitirse-los-sabados-a-las-1200","status":"publish","type":"post","link":"https:\/\/infogandia.es\/index.php\/2025\/12\/04\/peniscola-ontinyent-y-alfafara-protagonizan-el-programa-21-de-terra-de-festes-que-pasa-a-emitirse-los-sabados-a-las-1200\/","title":{"rendered":"Pe\u00f1\u00edscola, Ontinyent y Alfafara protagonizan el Programa 21 de Terra de Festes, que pasa a emitirse los s\u00e1bados a las 12:00"},"content":{"rendered":"\n<p>Producido gracias al convenio de colaboraci\u00f3n entre la Federaci\u00f3n Valenciana de Municipios y Provincias (FVMP) y la Presidencia de la Generalitat Valenciana\u2014 se emitir\u00e1 este s\u00e1bado, 6 de diciembre, a las 12:00 del mediod\u00eda. Este ser\u00e1 el nuevo horario para los tres \u00faltimos episodios de la temporada: los programas 21, 22 y 23.<\/p>\n\n\n\n<p>En esta ocasi\u00f3n, el espacio televisivo recorre tres celebraciones destacadas del Baix Maestrat, la Vall d\u2019Albaida y el Comtat: las Fiestas de Invierno de Pe\u00f1\u00edscola, la Fira d\u2019Ontinyent y las Fiestas de Santa Cecilia de Alfafara. El equipo del programa visita cada municipio para documentar sus actos festivos, dialogar con sus protagonistas y poner en valor la identidad cultural local.<\/p>\n\n\n\n<p>El recorrido comienza en Pe\u00f1\u00edscola, donde Ferran Cano entrevista al alcalde Andr\u00e9s Mart\u00ednez Castell\u00e0 sobre la edici\u00f3n 2025 de las Fiestas de Invierno, un programa dise\u00f1ado para que el vecindario disfrute de actividades sin la masificaci\u00f3n tur\u00edstica habitual de septiembre. Conciertos, \u201ctardeos\u201d y actos para todos los p\u00fablicos han marcado una edici\u00f3n en la que ha destacado el tributo musical <em>La Otra Oreja<\/em>. Tambi\u00e9n interviene Blanca Rovira Sim\u00f3, Reina de las Fiestas 2025, quien explica el papel representativo de su figura dentro de la fiesta.<\/p>\n\n\n\n<p>El programa visita adem\u00e1s el tradicional concurso de paellas de la Penya en Alm\u00edbar, donde vecinos y vecinas comparten cocina, conversaci\u00f3n y un ambiente claramente comunitario. La jornada contin\u00faa con un multitudinario tardeo organizado por la asociaci\u00f3n de pe\u00f1as, con testimonios de damas de honor y de la cantante Laura Batiste, imitadora de Amaia Montero.<\/p>\n\n\n\n<p>La reportera Nerea Camps cubre la inauguraci\u00f3n de la Fira d\u2019Ontinyent, que comienza con la lectura del <em>Privilegio Real<\/em> a cargo de Ana Ferrero Ferri, presidenta de Comer\u00e7 IN. El acto combina tradici\u00f3n e identidad local con un pasacalles lleno de luz, m\u00fasica y personajes inspirados en <em>Alicia en el pa\u00eds de las maravillas<\/em>. El programa muestra adem\u00e1s las m\u00e1s de 40 atracciones para todas las edades y destaca las jornadas silenciosas, una iniciativa inclusiva pensada para personas con Trastorno del Espectro Autista. Tambi\u00e9n incluye el testimonio de la familia Almaz\u00e1n, con m\u00e1s de 50 a\u00f1os de presencia en la feria, y un recorrido por OntiFira y la Feria de Automoci\u00f3n, que cuenta con m\u00e1s de 3.500 m\u00b2 de exposici\u00f3n.<\/p>\n\n\n\n<p>El tercer reportaje se desarrolla en Alfafara, donde Mari Carmen Montes acompa\u00f1a a la Societat Instructiva Musical d\u2019Alfafara en la celebraci\u00f3n de Santa Cecilia, patrona de la m\u00fasica. El programa recoge el pasacalle hasta la Mateta, la tradicional hoguera \u2014encendida por el mayoral de la banda como homenaje a los m\u00fasicos veteranos\u2014 y la cena popular patrocinada por el Ayuntamiento, con <em>torr\u00e0<\/em>, bocadillos, bu\u00f1uelos y chocolate caliente para los m\u00e1s peque\u00f1os. La pieza refleja c\u00f3mo la m\u00fasica, la gastronom\u00eda y la tradici\u00f3n se combinan para reforzar los lazos comunitarios del municipio.<\/p>\n\n\n\n<p><em>Terra de Festes<\/em> forma parte de las acciones impulsadas por la FVMP para difundir la actividad cultural municipal y promover la comunicaci\u00f3n de proximidad. Esta iniciativa es posible gracias al convenio con la Presidencia de la Generalitat Valenciana, destinado a apoyar los proyectos de comunicaci\u00f3n local y a poner en valor el patrimonio festivo valenciano.<\/p>\n","protected":false},"excerpt":{"rendered":"<p>Producido gracias al convenio de colaboraci\u00f3n entre la Federaci\u00f3n Valenciana de Municipios y Provincias (FVMP) y la Presidencia de la Generalitat Valenciana\u2014 se emitir\u00e1 este s\u00e1bado, 6 de diciembre, a las 12:00 del mediod\u00eda. Este ser\u00e1 el nuevo horario para los tres \u00faltimos episodios de la temporada: los programas 21, 22 y 23. En esta&#8230;<\/p>\n","protected":false},"author":1,"featured_media":7744,"comment_status":"open","ping_status":"open","sticky":false,"template":"","format":"standard","meta":{"footnotes":""},"categories":[1,27],"tags":[],"class_list":["post-7743","post","type-post","status-publish","format-standard","has-post-thumbnail","hentry","category-actualidad","category-sociedad"],"_links":{"self":[{"href":"https:\/\/infogandia.es\/index.php\/wp-json\/wp\/v2\/posts\/7743","targetHints":{"allow":["GET"]}}],"collection":[{"href":"https:\/\/infogandia.es\/index.php\/wp-json\/wp\/v2\/posts"}],"about":[{"href":"https:\/\/infogandia.es\/index.php\/wp-json\/wp\/v2\/types\/post"}],"author":[{"embeddable":true,"href":"https:\/\/infogandia.es\/index.php\/wp-json\/wp\/v2\/users\/1"}],"replies":[{"embeddable":true,"href":"https:\/\/infogandia.es\/index.php\/wp-json\/wp\/v2\/comments?post=7743"}],"version-history":[{"count":1,"href":"https:\/\/infogandia.es\/index.php\/wp-json\/wp\/v2\/posts\/7743\/revisions"}],"predecessor-version":[{"id":7745,"href":"https:\/\/infogandia.es\/index.php\/wp-json\/wp\/v2\/posts\/7743\/revisions\/7745"}],"wp:featuredmedia":[{"embeddable":true,"href":"https:\/\/infogandia.es\/index.php\/wp-json\/wp\/v2\/media\/7744"}],"wp:attachment":[{"href":"https:\/\/infogandia.es\/index.php\/wp-json\/wp\/v2\/media?parent=7743"}],"wp:term":[{"taxonomy":"category","embeddable":true,"href":"https:\/\/infogandia.es\/index.php\/wp-json\/wp\/v2\/categories?post=7743"},{"taxonomy":"post_tag","embeddable":true,"href":"https:\/\/infogandia.es\/index.php\/wp-json\/wp\/v2\/tags?post=7743"}],"curies":[{"name":"wp","href":"https:\/\/api.w.org\/{rel}","templated":true}]}}