{"id":7807,"date":"2025-12-15T16:08:43","date_gmt":"2025-12-15T16:08:43","guid":{"rendered":"https:\/\/infogandia.es\/?p=7807"},"modified":"2025-12-15T16:08:43","modified_gmt":"2025-12-15T16:08:43","slug":"gandia-dedica-el-calendario-municipal-de-2026-a-las-grandes-celebraciones-de-la-ciudad","status":"publish","type":"post","link":"https:\/\/infogandia.es\/index.php\/2025\/12\/15\/gandia-dedica-el-calendario-municipal-de-2026-a-las-grandes-celebraciones-de-la-ciudad\/","title":{"rendered":"Gandia dedica el calendario municipal de 2026 a las grandes celebraciones de la ciudad"},"content":{"rendered":"\n<p>El Ayuntamiento de Gandia ha presentado el calendario municipal para el a\u00f1o 2026, que bajo el t\u00edtulo <em>\u00abLa ciudad que somos\u00bb<\/em> rinde homenaje a la identidad colectiva de una ciudad din\u00e1mica, abierta e inclusiva, as\u00ed como a la capacidad de sus vecinos para participar y movilizarse en iniciativas culturales, festivas, deportivas y solidarias.<\/p>\n\n\n\n<p>El almanaque recoge una selecci\u00f3n de doce fotograf\u00edas realizadas por \u00c0lex Oltra, Natxo Franc\u00e9s y Majo Vila, que reflejan algunas de las celebraciones y acontecimientos m\u00e1s representativos de Gandia. Entre ellas se encuentran tradiciones como las Fallas, la Semana Santa, las fiestas del Grau, la noche de San Juan, la Fira i Festes o las cabalgatas de Pap\u00e1 Noel y de los Reyes Magos.<\/p>\n\n\n\n<p>Adem\u00e1s, el calendario incluye eventos deportivos como la Semana Ciclista y la carrera Run C\u00e1ncer, as\u00ed como otros actos destacados, entre ellos la Gala Mr. Gay Comunitat Valenciana, el Mediterr\u00e1nea Festival y un concierto de la UAM Sant Francesc de Borja.<\/p>\n\n\n\n<p>El calendario municipal de 2026 estar\u00e1 disponible a partir del 16 de diciembre en el Ayuntamiento de Gandia, el Ayuntamiento del Grau, la Casa de la Marquesa, las oficinas de turismo y en los centros sociales y de convivencia de la ciudad.<\/p>\n","protected":false},"excerpt":{"rendered":"<p>El Ayuntamiento de Gandia ha presentado el calendario municipal para el a\u00f1o 2026, que bajo el t\u00edtulo \u00abLa ciudad que somos\u00bb rinde homenaje a la identidad colectiva de una ciudad din\u00e1mica, abierta e inclusiva, as\u00ed como a la capacidad de sus vecinos para participar y movilizarse en iniciativas culturales, festivas, deportivas y solidarias. El almanaque&#8230;<\/p>\n","protected":false},"author":1,"featured_media":7808,"comment_status":"open","ping_status":"open","sticky":false,"template":"","format":"standard","meta":{"footnotes":""},"categories":[1,27],"tags":[],"class_list":["post-7807","post","type-post","status-publish","format-standard","has-post-thumbnail","hentry","category-actualidad","category-sociedad"],"_links":{"self":[{"href":"https:\/\/infogandia.es\/index.php\/wp-json\/wp\/v2\/posts\/7807","targetHints":{"allow":["GET"]}}],"collection":[{"href":"https:\/\/infogandia.es\/index.php\/wp-json\/wp\/v2\/posts"}],"about":[{"href":"https:\/\/infogandia.es\/index.php\/wp-json\/wp\/v2\/types\/post"}],"author":[{"embeddable":true,"href":"https:\/\/infogandia.es\/index.php\/wp-json\/wp\/v2\/users\/1"}],"replies":[{"embeddable":true,"href":"https:\/\/infogandia.es\/index.php\/wp-json\/wp\/v2\/comments?post=7807"}],"version-history":[{"count":1,"href":"https:\/\/infogandia.es\/index.php\/wp-json\/wp\/v2\/posts\/7807\/revisions"}],"predecessor-version":[{"id":7809,"href":"https:\/\/infogandia.es\/index.php\/wp-json\/wp\/v2\/posts\/7807\/revisions\/7809"}],"wp:featuredmedia":[{"embeddable":true,"href":"https:\/\/infogandia.es\/index.php\/wp-json\/wp\/v2\/media\/7808"}],"wp:attachment":[{"href":"https:\/\/infogandia.es\/index.php\/wp-json\/wp\/v2\/media?parent=7807"}],"wp:term":[{"taxonomy":"category","embeddable":true,"href":"https:\/\/infogandia.es\/index.php\/wp-json\/wp\/v2\/categories?post=7807"},{"taxonomy":"post_tag","embeddable":true,"href":"https:\/\/infogandia.es\/index.php\/wp-json\/wp\/v2\/tags?post=7807"}],"curies":[{"name":"wp","href":"https:\/\/api.w.org\/{rel}","templated":true}]}}