{"id":7934,"date":"2026-01-16T16:55:03","date_gmt":"2026-01-16T16:55:03","guid":{"rendered":"https:\/\/infogandia.es\/?p=7934"},"modified":"2026-01-19T16:55:12","modified_gmt":"2026-01-19T16:55:12","slug":"la-diputacion-de-valencia-destacara-en-fitur-2026-el-papel-de-los-pueblos-como-motor-turistico","status":"publish","type":"post","link":"https:\/\/infogandia.es\/index.php\/2026\/01\/16\/la-diputacion-de-valencia-destacara-en-fitur-2026-el-papel-de-los-pueblos-como-motor-turistico\/","title":{"rendered":"La Diputaci\u00f3n de Valencia destacar\u00e1 en Fitur 2026 el papel de los pueblos como motor tur\u00edstico"},"content":{"rendered":"\n<p>La Diputaci\u00f3n de Valencia participar\u00e1 un a\u00f1o m\u00e1s en la Feria Internacional de Turismo de Madrid (FITUR 2026), que se celebrar\u00e1 del 21 al 25 de enero en Ifema, con el objetivo de presentar la oferta tur\u00edstica de la provincia para este a\u00f1o. Lo har\u00e1 bajo el lema <strong>\u2018Te Falta Pueblo. Valencia desde dentro\u2019<\/strong>, con una propuesta centrada en poner en valor la aportaci\u00f3n de los municipios a la experiencia tur\u00edstica y a la vida cotidiana.<\/p>\n\n\n\n<p>La delegaci\u00f3n provincial estar\u00e1 formada por <strong>34 municipios y 11 mancomunidades<\/strong>, que acompa\u00f1ar\u00e1n a Val\u00e8ncia Turisme en un amplio programa de promoci\u00f3n. El <strong>D\u00eda de la Provincia de Valencia<\/strong> tendr\u00e1 lugar el jueves 22 de enero, a las 12:30 horas, en la plaza central del estand de la Comunitat Valenciana, donde el presidente de la Diputaci\u00f3n, Vicente Momp\u00f3, y el diputado de Turismo y Deportes, Pedro Cuesta, presentar\u00e1n las principales novedades de la estrategia tur\u00edstica para 2026.<\/p>\n\n\n\n<p>Seg\u00fan ha explicado Cuesta, el mensaje central de este a\u00f1o girar\u00e1 en torno al valor cualitativo de los pueblos, su capacidad para sorprender y su potencial como destinos tur\u00edsticos diferenciados. Esta idea se reflejar\u00e1 en las numerosas presentaciones previstas y en las experiencias que se dar\u00e1n a conocer durante la feria.<\/p>\n\n\n\n<p>Entre las principales novedades destaca la presentaci\u00f3n del <strong>Cat\u00e1logo de Experiencias Tur\u00edsticas 2026<\/strong>, que recoge <strong>209 propuestas<\/strong> repartidas por toda la provincia: 61 de turismo cultural, 74 de turismo activo y de naturaleza, y 74 vinculadas al turismo gastron\u00f3mico y enoturismo. El cat\u00e1logo se ha editado en formato f\u00edsico y digital, en castellano e ingl\u00e9s, y estar\u00e1 disponible tanto en FITUR como en otras ferias tur\u00edsticas y en la web de la Diputaci\u00f3n.<\/p>\n\n\n\n<h3 class=\"wp-block-heading\">Presencia en distintos espacios de FITUR<\/h3>\n\n\n\n<p>La Diputaci\u00f3n contar\u00e1 con un espacio propio de <strong>142 metros cuadrados en el pabell\u00f3n 7<\/strong>, dentro del estand de Turisme Comunitat Valenciana. Bajo la marca Val\u00e8ncia Turisme, se habilitar\u00e1n zonas informativas, t\u00f3tems digitales, sala de presentaciones, \u00e1rea de reuniones y un espacio para demostraciones gastron\u00f3micas. Durante el fin de semana, el espacio se reorganizar\u00e1 para acoger mostradores de distintos destinos tur\u00edsticos de la provincia.<\/p>\n\n\n\n<p>Adem\u00e1s, la instituci\u00f3n provincial estar\u00e1 presente en <strong>Fitur LGTB+ (pabell\u00f3n 9)<\/strong>, con un mostrador dedicado a la promoci\u00f3n del turismo inclusivo; en <strong>Fitur Screen<\/strong>, junto a las film office de la Comunitat Valenciana, para impulsar el turismo vinculado al sector audiovisual; y en <strong>Fitur Sports<\/strong>, con un espacio propio centrado en el turismo deportivo y activo.<\/p>\n\n\n\n<h3 class=\"wp-block-heading\">M\u00e1s de 50 presentaciones y 30 showcookings<\/h3>\n\n\n\n<p>La programaci\u00f3n prevista incluye <strong>m\u00e1s de 50 presentaciones profesionales<\/strong>, cerca de <strong>30 demostraciones gastron\u00f3micas<\/strong> y una docena de actividades de dinamizaci\u00f3n durante el fin de semana. Entre las propuestas figuran presentaciones sobre eventos tur\u00edsticos, festivales, planes estrat\u00e9gicos y casos de \u00e9xito relacionados con el turismo cultural, deportivo y cinematogr\u00e1fico.<\/p>\n\n\n\n<p>En el apartado gastron\u00f3mico, se ofrecer\u00e1n showcookings y degustaciones basadas en productos locales y recetas tradicionales y actuales, como la fideu\u00e0 de Gandia, arroces, esmorzarets, productos de proximidad, elaboraciones dulces y bebidas artesanas.<\/p>\n\n\n\n<p>Para el p\u00fablico general, se han programado talleres infantiles, actividades participativas, visitas virtuales a distintos municipios, actuaciones de bailes tradicionales y presentaciones vinculadas al astroturismo, con el objetivo de acercar la diversidad tur\u00edstica de la provincia a todos los visitantes.<\/p>\n","protected":false},"excerpt":{"rendered":"<p>La Diputaci\u00f3n de Valencia participar\u00e1 un a\u00f1o m\u00e1s en la Feria Internacional de Turismo de Madrid (FITUR 2026), que se celebrar\u00e1 del 21 al 25 de enero en Ifema, con el objetivo de presentar la oferta tur\u00edstica de la provincia para este a\u00f1o. Lo har\u00e1 bajo el lema \u2018Te Falta Pueblo. Valencia desde dentro\u2019, con&#8230;<\/p>\n","protected":false},"author":1,"featured_media":7935,"comment_status":"open","ping_status":"open","sticky":false,"template":"","format":"standard","meta":{"footnotes":""},"categories":[1],"tags":[],"class_list":["post-7934","post","type-post","status-publish","format-standard","has-post-thumbnail","hentry","category-actualidad"],"_links":{"self":[{"href":"https:\/\/infogandia.es\/index.php\/wp-json\/wp\/v2\/posts\/7934","targetHints":{"allow":["GET"]}}],"collection":[{"href":"https:\/\/infogandia.es\/index.php\/wp-json\/wp\/v2\/posts"}],"about":[{"href":"https:\/\/infogandia.es\/index.php\/wp-json\/wp\/v2\/types\/post"}],"author":[{"embeddable":true,"href":"https:\/\/infogandia.es\/index.php\/wp-json\/wp\/v2\/users\/1"}],"replies":[{"embeddable":true,"href":"https:\/\/infogandia.es\/index.php\/wp-json\/wp\/v2\/comments?post=7934"}],"version-history":[{"count":1,"href":"https:\/\/infogandia.es\/index.php\/wp-json\/wp\/v2\/posts\/7934\/revisions"}],"predecessor-version":[{"id":7936,"href":"https:\/\/infogandia.es\/index.php\/wp-json\/wp\/v2\/posts\/7934\/revisions\/7936"}],"wp:featuredmedia":[{"embeddable":true,"href":"https:\/\/infogandia.es\/index.php\/wp-json\/wp\/v2\/media\/7935"}],"wp:attachment":[{"href":"https:\/\/infogandia.es\/index.php\/wp-json\/wp\/v2\/media?parent=7934"}],"wp:term":[{"taxonomy":"category","embeddable":true,"href":"https:\/\/infogandia.es\/index.php\/wp-json\/wp\/v2\/categories?post=7934"},{"taxonomy":"post_tag","embeddable":true,"href":"https:\/\/infogandia.es\/index.php\/wp-json\/wp\/v2\/tags?post=7934"}],"curies":[{"name":"wp","href":"https:\/\/api.w.org\/{rel}","templated":true}]}}