{"id":7942,"date":"2026-01-20T08:49:16","date_gmt":"2026-01-20T08:49:16","guid":{"rendered":"https:\/\/infogandia.es\/?p=7942"},"modified":"2026-01-20T08:49:16","modified_gmt":"2026-01-20T08:49:16","slug":"mas-de-100-empresas-ya-se-han-inscrito-en-el-v-encuentro-clientes-proveedores-de-la-comunitat-valenciana-que-se-celebrara-en-ontinyent","status":"publish","type":"post","link":"https:\/\/infogandia.es\/index.php\/2026\/01\/20\/mas-de-100-empresas-ya-se-han-inscrito-en-el-v-encuentro-clientes-proveedores-de-la-comunitat-valenciana-que-se-celebrara-en-ontinyent\/","title":{"rendered":"M\u00e1s de 100 empresas ya se han inscrito en el V Encuentro Clientes-Proveedores de la Comunitat Valenciana, que se celebrar\u00e1 en Ontinyent"},"content":{"rendered":"\n<p>El V Encuentro Clientes-Proveedores de la Comunitat Valenciana, que tendr\u00e1 lugar el pr\u00f3ximo <strong>26 de febrero en Ontinyent<\/strong>, cuenta ya con <strong>m\u00e1s de 100 empresas inscritas<\/strong>, cuando todav\u00eda permanece abierto el plazo de inscripci\u00f3n hasta el <strong>31 de enero<\/strong>.<\/p>\n\n\n\n<p>El evento est\u00e1 organizado por diez asociaciones empresariales comarcales de las tres provincias valencianas: ASECAM, ASEMVEGA, CEDELCO, CEDMA, C\u00edrculo Empresarial Medio Vinalop\u00f3, COEVAL, FEDAC, FECAP, IBIAE y FAES. Tras el \u00e9xito de las cuatro ediciones anteriores, las entidades impulsoras han vuelto a apostar por este encuentro, consolidado como una cita de referencia en el \u00e1mbito empresarial de la Comunitat.<\/p>\n\n\n\n<p>Los organizadores han valorado muy positivamente la respuesta del tejido empresarial, destacando el elevado n\u00famero de empresas registradas hasta el momento. Han recordado que la inscripci\u00f3n es obligatoria para poder participar y debe realizarse a trav\u00e9s de la web <strong>encuentroclientesproveedorescv.com<\/strong> antes del 31 de enero.<\/p>\n\n\n\n<p>En esta quinta edici\u00f3n, el encuentro contar\u00e1 con la colaboraci\u00f3n del <strong>Ajuntament d\u2019Ontinyent<\/strong> y de <strong>ATEVAL<\/strong>, cuyas empresas ser\u00e1n las invitadas especiales. Adem\u00e1s, el evento dispone del apoyo financiero de la <strong>Conselleria de Industria, Turismo, Innovaci\u00f3n y Comercio<\/strong> de la Generalitat Valenciana.<\/p>\n\n\n\n<p>El principal objetivo del Encuentro Clientes-Proveedores es <strong>impulsar oportunidades de negocio entre empresas de la Comunitat Valenciana<\/strong>, fomentando relaciones comerciales basadas en la proximidad, la cooperaci\u00f3n y el fortalecimiento del tejido econ\u00f3mico local. La iniciativa busca facilitar que compa\u00f1\u00edas de un mismo territorio establezcan contactos que puedan derivar en nuevas colaboraciones, con menor coste log\u00edstico y mayor impacto en la generaci\u00f3n de empleo y riqueza.<\/p>\n\n\n\n<p>El formato del encuentro se basa en la <strong>organizaci\u00f3n previa de reuniones entre potenciales clientes y proveedores<\/strong>, sin coste para las empresas participantes, siempre que est\u00e9n inscritas dentro del plazo establecido.<\/p>\n\n\n\n<p>Desde la Federaci\u00f3n de Asociaciones de Empresarios de la Safor se ha animado especialmente a las empresas de la comarca a sumarse a esta iniciativa, destacando que el evento supone una oportunidad para dar visibilidad a los negocios locales y ampliar su red de contactos comerciales dentro de la Comunitat Valenciana.<\/p>\n","protected":false},"excerpt":{"rendered":"<p>El V Encuentro Clientes-Proveedores de la Comunitat Valenciana, que tendr\u00e1 lugar el pr\u00f3ximo 26 de febrero en Ontinyent, cuenta ya con m\u00e1s de 100 empresas inscritas, cuando todav\u00eda permanece abierto el plazo de inscripci\u00f3n hasta el 31 de enero. El evento est\u00e1 organizado por diez asociaciones empresariales comarcales de las tres provincias valencianas: ASECAM, ASEMVEGA,&#8230;<\/p>\n","protected":false},"author":1,"featured_media":7943,"comment_status":"open","ping_status":"open","sticky":false,"template":"","format":"standard","meta":{"footnotes":""},"categories":[1,6,27],"tags":[],"class_list":["post-7942","post","type-post","status-publish","format-standard","has-post-thumbnail","hentry","category-actualidad","category-economia","category-sociedad"],"_links":{"self":[{"href":"https:\/\/infogandia.es\/index.php\/wp-json\/wp\/v2\/posts\/7942","targetHints":{"allow":["GET"]}}],"collection":[{"href":"https:\/\/infogandia.es\/index.php\/wp-json\/wp\/v2\/posts"}],"about":[{"href":"https:\/\/infogandia.es\/index.php\/wp-json\/wp\/v2\/types\/post"}],"author":[{"embeddable":true,"href":"https:\/\/infogandia.es\/index.php\/wp-json\/wp\/v2\/users\/1"}],"replies":[{"embeddable":true,"href":"https:\/\/infogandia.es\/index.php\/wp-json\/wp\/v2\/comments?post=7942"}],"version-history":[{"count":1,"href":"https:\/\/infogandia.es\/index.php\/wp-json\/wp\/v2\/posts\/7942\/revisions"}],"predecessor-version":[{"id":7944,"href":"https:\/\/infogandia.es\/index.php\/wp-json\/wp\/v2\/posts\/7942\/revisions\/7944"}],"wp:featuredmedia":[{"embeddable":true,"href":"https:\/\/infogandia.es\/index.php\/wp-json\/wp\/v2\/media\/7943"}],"wp:attachment":[{"href":"https:\/\/infogandia.es\/index.php\/wp-json\/wp\/v2\/media?parent=7942"}],"wp:term":[{"taxonomy":"category","embeddable":true,"href":"https:\/\/infogandia.es\/index.php\/wp-json\/wp\/v2\/categories?post=7942"},{"taxonomy":"post_tag","embeddable":true,"href":"https:\/\/infogandia.es\/index.php\/wp-json\/wp\/v2\/tags?post=7942"}],"curies":[{"name":"wp","href":"https:\/\/api.w.org\/{rel}","templated":true}]}}