{"id":7946,"date":"2026-01-21T08:50:28","date_gmt":"2026-01-21T08:50:28","guid":{"rendered":"https:\/\/infogandia.es\/?p=7946"},"modified":"2026-01-21T08:50:28","modified_gmt":"2026-01-21T08:50:28","slug":"el-pp-reducira-su-presencia-en-fitur-al-minimo-en-senal-de-respeto-por-las-victimas-del-accidente-de-tren","status":"publish","type":"post","link":"https:\/\/infogandia.es\/index.php\/2026\/01\/21\/el-pp-reducira-su-presencia-en-fitur-al-minimo-en-senal-de-respeto-por-las-victimas-del-accidente-de-tren\/","title":{"rendered":"El PP reducir\u00e1 su presencia en Fitur al m\u00ednimo en se\u00f1al de respeto por las v\u00edctimas del accidente de tren"},"content":{"rendered":"\n<p>El portavoz del Grupo Municipal Popular de Gandia, V\u00edctor Soler, ha comunicado que el Partido Popular limitar\u00e1 su asistencia a la Feria Internacional de Turismo (Fitur) a lo estrictamente imprescindible, como gesto de respeto y solidaridad hacia las v\u00edctimas del reciente accidente de tren y sus familias.<\/p>\n\n\n\n<p>Seg\u00fan ha explicado Soler, la representaci\u00f3n del PP en Fitur se reducir\u00e1 \u00fanicamente a la presencia de su portavoz, con el objetivo de mantener una actitud de sobriedad institucional y sensibilidad ante la situaci\u00f3n de duelo.<\/p>\n\n\n\n<p>La actividad del Partido Popular en la feria se centrar\u00e1 exclusivamente en reuniones de trabajo previamente programadas y consideradas necesarias para el desarrollo del proyecto tur\u00edstico de la formaci\u00f3n en Gandia, como los encuentros con touroperadores y profesionales del sector.<\/p>\n\n\n\n<p>Desde el PP han se\u00f1alado que, en un contexto marcado por el dolor y la consternaci\u00f3n, la prioridad debe ser mostrar apoyo a las personas afectadas por esta tragedia. Por este motivo, su participaci\u00f3n en Fitur se desarrollar\u00e1 sin actos promocionales, festivos o protocolarios que no resulten imprescindibles.<\/p>\n\n\n\n<p>El Partido Popular ha querido trasladar de nuevo su p\u00e9same a las familias de las v\u00edctimas, as\u00ed como su cercan\u00eda y apoyo a los heridos y a todas las personas afectadas por el accidente.<\/p>\n","protected":false},"excerpt":{"rendered":"<p>El portavoz del Grupo Municipal Popular de Gandia, V\u00edctor Soler, ha comunicado que el Partido Popular limitar\u00e1 su asistencia a la Feria Internacional de Turismo (Fitur) a lo estrictamente imprescindible, como gesto de respeto y solidaridad hacia las v\u00edctimas del reciente accidente de tren y sus familias. Seg\u00fan ha explicado Soler, la representaci\u00f3n del PP&#8230;<\/p>\n","protected":false},"author":1,"featured_media":7932,"comment_status":"open","ping_status":"open","sticky":false,"template":"","format":"standard","meta":{"footnotes":""},"categories":[1,27,57],"tags":[],"class_list":["post-7946","post","type-post","status-publish","format-standard","has-post-thumbnail","hentry","category-actualidad","category-sociedad","category-turismo"],"_links":{"self":[{"href":"https:\/\/infogandia.es\/index.php\/wp-json\/wp\/v2\/posts\/7946","targetHints":{"allow":["GET"]}}],"collection":[{"href":"https:\/\/infogandia.es\/index.php\/wp-json\/wp\/v2\/posts"}],"about":[{"href":"https:\/\/infogandia.es\/index.php\/wp-json\/wp\/v2\/types\/post"}],"author":[{"embeddable":true,"href":"https:\/\/infogandia.es\/index.php\/wp-json\/wp\/v2\/users\/1"}],"replies":[{"embeddable":true,"href":"https:\/\/infogandia.es\/index.php\/wp-json\/wp\/v2\/comments?post=7946"}],"version-history":[{"count":1,"href":"https:\/\/infogandia.es\/index.php\/wp-json\/wp\/v2\/posts\/7946\/revisions"}],"predecessor-version":[{"id":7947,"href":"https:\/\/infogandia.es\/index.php\/wp-json\/wp\/v2\/posts\/7946\/revisions\/7947"}],"wp:featuredmedia":[{"embeddable":true,"href":"https:\/\/infogandia.es\/index.php\/wp-json\/wp\/v2\/media\/7932"}],"wp:attachment":[{"href":"https:\/\/infogandia.es\/index.php\/wp-json\/wp\/v2\/media?parent=7946"}],"wp:term":[{"taxonomy":"category","embeddable":true,"href":"https:\/\/infogandia.es\/index.php\/wp-json\/wp\/v2\/categories?post=7946"},{"taxonomy":"post_tag","embeddable":true,"href":"https:\/\/infogandia.es\/index.php\/wp-json\/wp\/v2\/tags?post=7946"}],"curies":[{"name":"wp","href":"https:\/\/api.w.org\/{rel}","templated":true}]}}