{"id":7948,"date":"2026-01-21T10:31:42","date_gmt":"2026-01-21T10:31:42","guid":{"rendered":"https:\/\/infogandia.es\/?p=7948"},"modified":"2026-01-21T10:31:42","modified_gmt":"2026-01-21T10:31:42","slug":"la-generalitat-anuncia-una-inversion-historica-de-10-millones-de-euros-para-reforzar-la-promocion-internacional-de-la-comunitat-valenciana","status":"publish","type":"post","link":"https:\/\/infogandia.es\/index.php\/2026\/01\/21\/la-generalitat-anuncia-una-inversion-historica-de-10-millones-de-euros-para-reforzar-la-promocion-internacional-de-la-comunitat-valenciana\/","title":{"rendered":"La Generalitat anuncia una inversi\u00f3n hist\u00f3rica de 10 millones de euros para reforzar la promoci\u00f3n internacional de la Comunitat Valenciana"},"content":{"rendered":"\n<p>El president de la Generalitat, Juanfran P\u00e9rez Llorca, ha anunciado una inversi\u00f3n extraordinaria de <strong>10 millones de euros<\/strong> destinada a reforzar la promoci\u00f3n tur\u00edstica de la Comunitat Valenciana en los mercados nacional e internacional. Con esta ampliaci\u00f3n presupuestaria, el plan global de medios alcanzar\u00e1 los <strong>19 millones de euros<\/strong>, que se destinar\u00e1n a campa\u00f1as de imagen, apertura de nuevas rutas internacionales y acciones de posicionamiento del destino.<\/p>\n\n\n\n<p>El anuncio se ha realizado durante el acto del D\u00eda de la Comunitat Valenciana celebrado en el marco de la 46\u00aa edici\u00f3n de la Feria Internacional de Turismo (FITUR), al que han asistido representantes del Consell, de las diputaciones provinciales, de la Federaci\u00f3n Valenciana de Municipios y Provincias y alcaldes de distintos municipios.<\/p>\n\n\n\n<p>P\u00e9rez Llorca ha destacado que se trata de <strong>la mayor inversi\u00f3n en publicidad tur\u00edstica impulsada por la Generalitat hasta la fecha<\/strong>, y ha subrayado que esta apuesta responde al crecimiento sostenido del turismo internacional, con cerca de 12 millones de visitantes al a\u00f1o. Seg\u00fan ha indicado, el objetivo es reforzar la presencia de la Comunitat Valenciana en los principales mercados y consolidar su proyecci\u00f3n en los cinco continentes.<\/p>\n\n\n\n<p>El president ha se\u00f1alado que la Comunitat atrae por su oferta de playas, interior, ciudades, gastronom\u00eda, cultura y patrimonio, pero tambi\u00e9n por un estilo de vida mediterr\u00e1neo que convierte cada visita en una experiencia que va m\u00e1s all\u00e1 del turismo tradicional.<\/p>\n\n\n\n<h3 class=\"wp-block-heading\">Nuevas iniciativas para reforzar la calidad y competitividad tur\u00edstica<\/h3>\n\n\n\n<p>Adem\u00e1s del aumento de la inversi\u00f3n, el jefe del Consell ha avanzado <strong>tres nuevas medidas<\/strong> para seguir impulsando un modelo tur\u00edstico basado en la calidad y la excelencia.<\/p>\n\n\n\n<p>La primera ser\u00e1 la creaci\u00f3n de la <strong>Mesa de Conectividad Tur\u00edstica de la Comunitat Valenciana<\/strong>, un foro liderado por la Generalitat que tendr\u00e1 como objetivo captar nuevas rutas, especialmente en mercados estrat\u00e9gicos como Estados Unidos y Asia. Esta iniciativa buscar\u00e1 mejorar la conectividad a\u00e9rea como factor clave de competitividad, aprovechando el crecimiento que registran los aeropuertos de Valencia y Alicante.<\/p>\n\n\n\n<p>La segunda actuaci\u00f3n ser\u00e1 la puesta en marcha de un <strong>Plan Especial de Mejora y Modernizaci\u00f3n de Playas<\/strong>, centrado en la renovaci\u00f3n de accesos, mobiliario, se\u00f1alizaci\u00f3n, sostenibilidad ambiental y calidad de los servicios, con el fin de reforzar la imagen de excelencia del litoral valenciano.<\/p>\n\n\n\n<p>Por \u00faltimo, P\u00e9rez Llorca ha anunciado el desarrollo de un <strong>Programa de Marketing Tur\u00edstico para Municipios de Interior<\/strong>, orientado a apoyar la promoci\u00f3n de pueblos y comarcas del interior de la Comunitat. Este plan buscar\u00e1 impulsar oportunidades econ\u00f3micas y contribuir a la fijaci\u00f3n de poblaci\u00f3n, poniendo en valor los recursos naturales, culturales y patrimoniales del territorio.<\/p>\n","protected":false},"excerpt":{"rendered":"<p>El president de la Generalitat, Juanfran P\u00e9rez Llorca, ha anunciado una inversi\u00f3n extraordinaria de 10 millones de euros destinada a reforzar la promoci\u00f3n tur\u00edstica de la Comunitat Valenciana en los mercados nacional e internacional. Con esta ampliaci\u00f3n presupuestaria, el plan global de medios alcanzar\u00e1 los 19 millones de euros, que se destinar\u00e1n a campa\u00f1as de&#8230;<\/p>\n","protected":false},"author":1,"featured_media":7949,"comment_status":"open","ping_status":"open","sticky":false,"template":"","format":"standard","meta":{"footnotes":""},"categories":[1,27,57],"tags":[],"class_list":["post-7948","post","type-post","status-publish","format-standard","has-post-thumbnail","hentry","category-actualidad","category-sociedad","category-turismo"],"_links":{"self":[{"href":"https:\/\/infogandia.es\/index.php\/wp-json\/wp\/v2\/posts\/7948","targetHints":{"allow":["GET"]}}],"collection":[{"href":"https:\/\/infogandia.es\/index.php\/wp-json\/wp\/v2\/posts"}],"about":[{"href":"https:\/\/infogandia.es\/index.php\/wp-json\/wp\/v2\/types\/post"}],"author":[{"embeddable":true,"href":"https:\/\/infogandia.es\/index.php\/wp-json\/wp\/v2\/users\/1"}],"replies":[{"embeddable":true,"href":"https:\/\/infogandia.es\/index.php\/wp-json\/wp\/v2\/comments?post=7948"}],"version-history":[{"count":1,"href":"https:\/\/infogandia.es\/index.php\/wp-json\/wp\/v2\/posts\/7948\/revisions"}],"predecessor-version":[{"id":7950,"href":"https:\/\/infogandia.es\/index.php\/wp-json\/wp\/v2\/posts\/7948\/revisions\/7950"}],"wp:featuredmedia":[{"embeddable":true,"href":"https:\/\/infogandia.es\/index.php\/wp-json\/wp\/v2\/media\/7949"}],"wp:attachment":[{"href":"https:\/\/infogandia.es\/index.php\/wp-json\/wp\/v2\/media?parent=7948"}],"wp:term":[{"taxonomy":"category","embeddable":true,"href":"https:\/\/infogandia.es\/index.php\/wp-json\/wp\/v2\/categories?post=7948"},{"taxonomy":"post_tag","embeddable":true,"href":"https:\/\/infogandia.es\/index.php\/wp-json\/wp\/v2\/tags?post=7948"}],"curies":[{"name":"wp","href":"https:\/\/api.w.org\/{rel}","templated":true}]}}