{"id":7958,"date":"2026-01-22T08:39:41","date_gmt":"2026-01-22T08:39:41","guid":{"rendered":"https:\/\/infogandia.es\/?p=7958"},"modified":"2026-01-22T08:39:42","modified_gmt":"2026-01-22T08:39:42","slug":"xeraco-presenta-la-v-edicion-del-fiescrem-que-incorporara-un-concurso-amateur-al-mejor-cremaet-del-mundo","status":"publish","type":"post","link":"https:\/\/infogandia.es\/index.php\/2026\/01\/22\/xeraco-presenta-la-v-edicion-del-fiescrem-que-incorporara-un-concurso-amateur-al-mejor-cremaet-del-mundo\/","title":{"rendered":"Xeraco presenta la V edici\u00f3n del FIESCREM, que incorporar\u00e1 un concurso amateur al Mejor Cremaet del Mundo"},"content":{"rendered":"\n<p>El Ayuntamiento de Xeraco ha presentado en FITUR la <strong>quinta edici\u00f3n del FIESCREM, la Fira de l\u2019Esmorzar i del Cremaet<\/strong>, que se celebrar\u00e1 del <strong>30 de abril al 3 de mayo de 2026<\/strong> en la playa del municipio. El evento, ya consolidado como una de las citas gastron\u00f3micas de referencia en la Comunitat Valenciana, llega este a\u00f1o con una destacada novedad: la creaci\u00f3n del <strong>Concurso al Mejor Cremaet del Mundo en categor\u00eda amateur<\/strong>, una iniciativa destinada a dar protagonismo a los aficionados y a reforzar el componente popular de esta tradici\u00f3n.<\/p>\n\n\n\n<p>Con esta nueva modalidad, la organizaci\u00f3n busca ampliar la participaci\u00f3n y reconocer el talento no profesional, acercando todav\u00eda m\u00e1s el FIESCREM a la ciudadan\u00eda y poniendo en valor la cultura del cremaet m\u00e1s all\u00e1 del \u00e1mbito estrictamente hostelero.<\/p>\n\n\n\n<figure class=\"wp-block-image size-large\"><img fetchpriority=\"high\" decoding=\"async\" width=\"724\" height=\"1024\" src=\"http:\/\/infogandia.es\/wp-content\/uploads\/2026\/01\/Fiescrem26_Cartel-724x1024.jpeg\" alt=\"\" class=\"wp-image-7959\" srcset=\"https:\/\/infogandia.es\/wp-content\/uploads\/2026\/01\/Fiescrem26_Cartel-724x1024.jpeg 724w, https:\/\/infogandia.es\/wp-content\/uploads\/2026\/01\/Fiescrem26_Cartel-212x300.jpeg 212w, https:\/\/infogandia.es\/wp-content\/uploads\/2026\/01\/Fiescrem26_Cartel-768x1087.jpeg 768w, https:\/\/infogandia.es\/wp-content\/uploads\/2026\/01\/Fiescrem26_Cartel-1085x1536.jpeg 1085w, https:\/\/infogandia.es\/wp-content\/uploads\/2026\/01\/Fiescrem26_Cartel.jpeg 1447w\" sizes=\"(max-width: 724px) 100vw, 724px\" \/><\/figure>\n\n\n\n<p>Durante la presentaci\u00f3n tambi\u00e9n se ha dado a conocer el <strong>cartel oficial de la V edici\u00f3n<\/strong>, que apuesta por una imagen fresca y din\u00e1mica en la que la <strong>medusa<\/strong> se convierte en el elemento central. El artista ha explicado que esta elecci\u00f3n est\u00e1 vinculada tanto a la identidad marinera de Xeraco como al hecho de que el FIESCREM simboliza tradicionalmente el inicio de la temporada estival, cuando la playa y la actividad social recuperan protagonismo.<\/p>\n\n\n\n<p>El dise\u00f1o incorpora adem\u00e1s un enfoque ir\u00f3nico y humor\u00edstico, muy ligado al car\u00e1cter valenciano. La medusa, habitualmente asociada a una molestia en el entorno playero, se transforma en el cartel en un icono festivo, reflejando la idea de convertir cualquier circunstancia en una oportunidad para disfrutar de un buen esmorzar y un cremaet.<\/p>\n\n\n\n<p>Con esta quinta edici\u00f3n, el FIESCREM contin\u00faa su evoluci\u00f3n, combinando gastronom\u00eda, tradici\u00f3n, creatividad y participaci\u00f3n ciudadana, y reafirm\u00e1ndose como una cita clave dentro del calendario festivo y tur\u00edstico de Xeraco.<\/p>\n","protected":false},"excerpt":{"rendered":"<p>El Ayuntamiento de Xeraco ha presentado en FITUR la quinta edici\u00f3n del FIESCREM, la Fira de l\u2019Esmorzar i del Cremaet, que se celebrar\u00e1 del 30 de abril al 3 de mayo de 2026 en la playa del municipio. El evento, ya consolidado como una de las citas gastron\u00f3micas de referencia en la Comunitat Valenciana, llega&#8230;<\/p>\n","protected":false},"author":1,"featured_media":7960,"comment_status":"open","ping_status":"open","sticky":false,"template":"","format":"standard","meta":{"footnotes":""},"categories":[1,27],"tags":[],"class_list":["post-7958","post","type-post","status-publish","format-standard","has-post-thumbnail","hentry","category-actualidad","category-sociedad"],"_links":{"self":[{"href":"https:\/\/infogandia.es\/index.php\/wp-json\/wp\/v2\/posts\/7958","targetHints":{"allow":["GET"]}}],"collection":[{"href":"https:\/\/infogandia.es\/index.php\/wp-json\/wp\/v2\/posts"}],"about":[{"href":"https:\/\/infogandia.es\/index.php\/wp-json\/wp\/v2\/types\/post"}],"author":[{"embeddable":true,"href":"https:\/\/infogandia.es\/index.php\/wp-json\/wp\/v2\/users\/1"}],"replies":[{"embeddable":true,"href":"https:\/\/infogandia.es\/index.php\/wp-json\/wp\/v2\/comments?post=7958"}],"version-history":[{"count":1,"href":"https:\/\/infogandia.es\/index.php\/wp-json\/wp\/v2\/posts\/7958\/revisions"}],"predecessor-version":[{"id":7961,"href":"https:\/\/infogandia.es\/index.php\/wp-json\/wp\/v2\/posts\/7958\/revisions\/7961"}],"wp:featuredmedia":[{"embeddable":true,"href":"https:\/\/infogandia.es\/index.php\/wp-json\/wp\/v2\/media\/7960"}],"wp:attachment":[{"href":"https:\/\/infogandia.es\/index.php\/wp-json\/wp\/v2\/media?parent=7958"}],"wp:term":[{"taxonomy":"category","embeddable":true,"href":"https:\/\/infogandia.es\/index.php\/wp-json\/wp\/v2\/categories?post=7958"},{"taxonomy":"post_tag","embeddable":true,"href":"https:\/\/infogandia.es\/index.php\/wp-json\/wp\/v2\/tags?post=7958"}],"curies":[{"name":"wp","href":"https:\/\/api.w.org\/{rel}","templated":true}]}}