{"id":7962,"date":"2026-01-22T08:40:49","date_gmt":"2026-01-22T08:40:49","guid":{"rendered":"https:\/\/infogandia.es\/?p=7962"},"modified":"2026-01-22T08:40:50","modified_gmt":"2026-01-22T08:40:50","slug":"el-pp-critica-que-el-gobierno-local-use-fitur-para-la-imagen-y-no-para-impulsar-acuerdos-turisticos","status":"publish","type":"post","link":"https:\/\/infogandia.es\/index.php\/2026\/01\/22\/el-pp-critica-que-el-gobierno-local-use-fitur-para-la-imagen-y-no-para-impulsar-acuerdos-turisticos\/","title":{"rendered":"El PP critica que el gobierno local use FITUR \u201cpara la imagen\u201d y no para impulsar acuerdos tur\u00edsticos"},"content":{"rendered":"\n<p>El portavoz del Grupo Municipal Popular en el Ayuntamiento de Gandia, V\u00edctor Soler, ha realizado una valoraci\u00f3n cr\u00edtica tras la primera jornada de FITUR, afirmando que la presencia del gobierno socialista en la feria ha vuelto a evidenciar, a su juicio, la falta de un proyecto tur\u00edstico ambicioso para la ciudad.<\/p>\n\n\n\n<p>Seg\u00fan Soler, el alcalde Jos\u00e9 Manuel Prieto ha centrado su participaci\u00f3n en actos de car\u00e1cter promocional y en la difusi\u00f3n de v\u00eddeos institucionales, en los que \u2014seg\u00fan indica\u2014 se repiten proyectos anunciados en a\u00f1os anteriores y que todav\u00eda no se han materializado. El portavoz popular ha se\u00f1alado que estas acciones suponen un uso de FITUR orientado m\u00e1s a la proyecci\u00f3n pol\u00edtica que a la generaci\u00f3n de oportunidades reales para el sector tur\u00edstico local.<\/p>\n\n\n\n<p>Desde el PP tambi\u00e9n se ha lamentado que, durante esta primera jornada, no se hayan anunciado acuerdos ni reuniones de trabajo relevantes con turoperadores o agentes tur\u00edsticos que permitan mejorar la proyecci\u00f3n exterior de Gandia. Soler ha insistido en que la finalidad principal de FITUR debe ser la creaci\u00f3n de contactos, el impulso de nuevas l\u00edneas de negocio y el apoyo directo a la industria tur\u00edstica.<\/p>\n\n\n\n<p>El portavoz popular ha calificado de decepcionante la presentaci\u00f3n realizada en la plaza central del estand de la Comunitat Valenciana, al considerar que no se dieron a conocer iniciativas nuevas, sino que se volvieron a exponer proyectos ya anunciados en a\u00f1os anteriores, como la remodelaci\u00f3n de los tinglados, el club n\u00e1utico o el Gandia Arena, que, seg\u00fan ha indicado, a\u00fan no se han ejecutado.<\/p>\n\n\n\n<p>Asimismo, Soler ha vinculado esta situaci\u00f3n con los datos tur\u00edsticos del \u00faltimo a\u00f1o, se\u00f1alando un descenso del turismo nacional, una reducci\u00f3n de las pernoctaciones de visitantes extranjeros y una ca\u00edda en la rentabilidad del sector. En su opini\u00f3n, estas cifras reflejan la falta de planificaci\u00f3n y de resultados de la gesti\u00f3n tur\u00edstica del actual gobierno municipal.<\/p>\n","protected":false},"excerpt":{"rendered":"<p>El portavoz del Grupo Municipal Popular en el Ayuntamiento de Gandia, V\u00edctor Soler, ha realizado una valoraci\u00f3n cr\u00edtica tras la primera jornada de FITUR, afirmando que la presencia del gobierno socialista en la feria ha vuelto a evidenciar, a su juicio, la falta de un proyecto tur\u00edstico ambicioso para la ciudad. Seg\u00fan Soler, el alcalde&#8230;<\/p>\n","protected":false},"author":1,"featured_media":7963,"comment_status":"open","ping_status":"open","sticky":false,"template":"","format":"standard","meta":{"footnotes":""},"categories":[1,27],"tags":[],"class_list":["post-7962","post","type-post","status-publish","format-standard","has-post-thumbnail","hentry","category-actualidad","category-sociedad"],"_links":{"self":[{"href":"https:\/\/infogandia.es\/index.php\/wp-json\/wp\/v2\/posts\/7962","targetHints":{"allow":["GET"]}}],"collection":[{"href":"https:\/\/infogandia.es\/index.php\/wp-json\/wp\/v2\/posts"}],"about":[{"href":"https:\/\/infogandia.es\/index.php\/wp-json\/wp\/v2\/types\/post"}],"author":[{"embeddable":true,"href":"https:\/\/infogandia.es\/index.php\/wp-json\/wp\/v2\/users\/1"}],"replies":[{"embeddable":true,"href":"https:\/\/infogandia.es\/index.php\/wp-json\/wp\/v2\/comments?post=7962"}],"version-history":[{"count":1,"href":"https:\/\/infogandia.es\/index.php\/wp-json\/wp\/v2\/posts\/7962\/revisions"}],"predecessor-version":[{"id":7964,"href":"https:\/\/infogandia.es\/index.php\/wp-json\/wp\/v2\/posts\/7962\/revisions\/7964"}],"wp:featuredmedia":[{"embeddable":true,"href":"https:\/\/infogandia.es\/index.php\/wp-json\/wp\/v2\/media\/7963"}],"wp:attachment":[{"href":"https:\/\/infogandia.es\/index.php\/wp-json\/wp\/v2\/media?parent=7962"}],"wp:term":[{"taxonomy":"category","embeddable":true,"href":"https:\/\/infogandia.es\/index.php\/wp-json\/wp\/v2\/categories?post=7962"},{"taxonomy":"post_tag","embeddable":true,"href":"https:\/\/infogandia.es\/index.php\/wp-json\/wp\/v2\/tags?post=7962"}],"curies":[{"name":"wp","href":"https:\/\/api.w.org\/{rel}","templated":true}]}}