{"id":7965,"date":"2026-01-22T09:44:31","date_gmt":"2026-01-22T09:44:31","guid":{"rendered":"https:\/\/infogandia.es\/?p=7965"},"modified":"2026-01-22T09:44:31","modified_gmt":"2026-01-22T09:44:31","slug":"el-muken-fest-gandia-celebra-su-tercera-edicion-para-apoyar-a-caritas-y-al-comedor-social","status":"publish","type":"post","link":"https:\/\/infogandia.es\/index.php\/2026\/01\/22\/el-muken-fest-gandia-celebra-su-tercera-edicion-para-apoyar-a-caritas-y-al-comedor-social\/","title":{"rendered":"El Muken Fest Gandia celebra su tercera edici\u00f3n para apoyar a C\u00e1ritas y al comedor social"},"content":{"rendered":"\n<p>El Muken Fest Gandia celebrar\u00e1 su <strong>tercera edici\u00f3n<\/strong> con el objetivo de recaudar fondos y concienciar a la ciudadan\u00eda en favor de <strong>C\u00e1ritas y del comedor social de Gandia<\/strong>, dos entidades que trabajan directamente con personas en situaci\u00f3n de vulnerabilidad. El festival solidario, que se ha ido consolidando en los \u00faltimos a\u00f1os, combina actividades culturales, gastron\u00f3micas y de ocio con un marcado car\u00e1cter social.<\/p>\n\n\n\n<p>El evento naci\u00f3 como una iniciativa personal impulsada por <strong>Bego\u00f1a<\/strong>, gerente de Mumbai Clothing, quien transform\u00f3 una experiencia propia en un proyecto solidario. Lo que comenz\u00f3 como un mercadillo de ropa nueva y de segunda mano ha evolucionado hasta convertirse en una cita multidisciplinar con propuestas para todos los p\u00fablicos. Tras dos ediciones destinadas \u00edntegramente al comedor social, este a\u00f1o se suma tambi\u00e9n C\u00e1ritas como entidad beneficiaria.<\/p>\n\n\n\n<figure class=\"wp-block-embed is-type-video is-provider-youtube wp-block-embed-youtube wp-embed-aspect-16-9 wp-has-aspect-ratio\"><div class=\"wp-block-embed__wrapper\">\n<iframe title=\"COMARCAL SOLIDARIA|Mukendfest: Festival solidario a beneficio C\u00e1ritas Gandia y Comedor Social Gandia\" width=\"640\" height=\"360\" src=\"https:\/\/www.youtube.com\/embed\/kBkPtCJwx_4?feature=oembed\" frameborder=\"0\" allow=\"accelerometer; autoplay; clipboard-write; encrypted-media; gyroscope; picture-in-picture; web-share\" referrerpolicy=\"strict-origin-when-cross-origin\" allowfullscreen><\/iframe>\n<\/div><\/figure>\n\n\n\n<p>La jornada se celebrar\u00e1 el <strong>s\u00e1bado 7 de febrero<\/strong> y se desarrollar\u00e1 en dos espacios principales, el <strong>pasaje Lombard<\/strong> y <strong>Fomento<\/strong>. Durante la ma\u00f1ana, el programa estar\u00e1 centrado en actividades familiares e infantiles, con talleres, pintacaras y animaci\u00f3n, adem\u00e1s de propuestas de bienestar como una sesi\u00f3n de barre con plazas limitadas y un desayuno elaborado por el comedor social. Se mantendr\u00e1 tambi\u00e9n el tradicional mercadillo solidario, catas de vino de una bodega local y sesiones de asesoramiento de imagen.<\/p>\n\n\n\n<p>Por la tarde tendr\u00e1 lugar el denominado \u201ctardeo\u201d, que concentrar\u00e1 gran parte de la recaudaci\u00f3n. Habr\u00e1 actuaciones musicales en directo, sesiones de DJ y una tem\u00e1tica de <strong>baile de m\u00e1scaras<\/strong>, con premios a los mejores disfraces y estilismos gracias a la colaboraci\u00f3n de distintas empresas locales.<\/p>\n\n\n\n<p><strong>Como uno de los grandes reclamos del festival, por la tarde tendr\u00e1 lugar el esperado \u201ctardeo\u201d, un espacio pensado para disfrutar, socializar y colaborar al mismo tiempo. La programaci\u00f3n incluir\u00e1 actuaciones musicales en directo y sesiones de DJ, en un ambiente festivo que culminar\u00e1 con una original fiesta de m\u00e1scaras. Esta tem\u00e1tica especial invitar\u00e1 al p\u00fablico a participar de forma activa, acudir disfrazado y optar a premios a los mejores looks, gracias a los regalos aportados por las empresas colaboradoras, convirtiendo la solidaridad en una experiencia divertida y diferente.<\/strong><\/p>\n\n\n\n<p>La directora de C\u00e1ritas en Gandia, <strong>Maite Bosc\u00e1<\/strong>, ha explicado que la recaudaci\u00f3n se destinar\u00e1 \u00edntegramente a <strong>proyectos de atenci\u00f3n a personas sin hogar<\/strong>. Actualmente, los equipos de C\u00e1ritas visitan semanalmente a cerca de medio centenar de personas que viven en la calle y atienden a centenares m\u00e1s en distintos recursos de d\u00eda. Desde la entidad se insiste en la importancia de ofrecer no solo alimentos, sino tambi\u00e9n acompa\u00f1amiento, orientaci\u00f3n y alternativas reales para evitar la exclusi\u00f3n.<\/p>\n\n\n\n<p>Desde la organizaci\u00f3n se ha destacado tambi\u00e9n el aumento de nuevos perfiles de personas en situaci\u00f3n de vulnerabilidad, incluidas familias locales afectadas por la precariedad laboral, lo que refuerza la necesidad de iniciativas solidarias y de una implicaci\u00f3n activa de la comunidad.<\/p>\n\n\n\n<p>El festival cuenta con la colaboraci\u00f3n de alrededor de <strong>15 empresas y profesionales<\/strong>, que participan de forma desinteresada en la organizaci\u00f3n de actividades, animaci\u00f3n, log\u00edstica y difusi\u00f3n. Las entradas pueden adquirirse en la tienda Mumbai y a trav\u00e9s de canales online. Adem\u00e1s, se ha habilitado una <strong>\u201cfila cero\u201d<\/strong> para quienes deseen colaborar sin asistir presencialmente, se pueden conseguir en el siguiente enlace:<\/p>\n\n\n\n<p><a href=\"https:\/\/entradium.com\/events\/mukend-3-0-tardeo-mask-ball-solidario?utm_source=ig&amp;utm_medium=social&amp;utm_content=link_in_bio&amp;fbclid=PAZXh0bgNhZW0CMTEAc3J0YwZhcHBfaWQMMjU2MjgxMDQwNTU4AAGnKpjE8YPyP5slntEySe2AyD9sK_g3cAe3cp81yAd6RrwSjbu68RG94n58DTs_aem_RW-xWaPNrp2wRlqtxovySg\">https:\/\/entradium.com\/events\/mukend-3-0-tardeo-mask-ball-solidario?utm_source=ig&amp;utm_medium=social&amp;utm_content=link_in_bio&amp;fbclid=PAZXh0bgNhZW0CMTEAc3J0YwZhcHBfaWQMMjU2MjgxMDQwNTU4AAGnKpjE8YPyP5slntEySe2AyD9sK_g3cAe3cp81yAd6RrwSjbu68RG94n58DTs_aem_RW-xWaPNrp2wRlqtxovySg<\/a><\/p>\n\n\n\n<p>En las dos primeras ediciones, el Muken Fest logr\u00f3 recaudar <strong>m\u00e1s de 20.000 euros<\/strong>, destinados \u00edntegramente al comedor social. La organizaci\u00f3n se ha marcado como objetivo superar esta cifra en 2026 y reforzar el mensaje que inspira el evento: <strong>que nadie tenga que dormir en la calle en Gandia<\/strong>.<\/p>\n\n\n\n<p><\/p>\n\n\n\n<p><\/p>\n","protected":false},"excerpt":{"rendered":"<p>El Muken Fest Gandia celebrar\u00e1 su tercera edici\u00f3n con el objetivo de recaudar fondos y concienciar a la ciudadan\u00eda en favor de C\u00e1ritas y del comedor social de Gandia, dos entidades que trabajan directamente con personas en situaci\u00f3n de vulnerabilidad. El festival solidario, que se ha ido consolidando en los \u00faltimos a\u00f1os, combina actividades culturales,&#8230;<\/p>\n","protected":false},"author":1,"featured_media":7966,"comment_status":"open","ping_status":"open","sticky":false,"template":"","format":"standard","meta":{"footnotes":""},"categories":[1,27,57],"tags":[],"class_list":["post-7965","post","type-post","status-publish","format-standard","has-post-thumbnail","hentry","category-actualidad","category-sociedad","category-turismo"],"_links":{"self":[{"href":"https:\/\/infogandia.es\/index.php\/wp-json\/wp\/v2\/posts\/7965","targetHints":{"allow":["GET"]}}],"collection":[{"href":"https:\/\/infogandia.es\/index.php\/wp-json\/wp\/v2\/posts"}],"about":[{"href":"https:\/\/infogandia.es\/index.php\/wp-json\/wp\/v2\/types\/post"}],"author":[{"embeddable":true,"href":"https:\/\/infogandia.es\/index.php\/wp-json\/wp\/v2\/users\/1"}],"replies":[{"embeddable":true,"href":"https:\/\/infogandia.es\/index.php\/wp-json\/wp\/v2\/comments?post=7965"}],"version-history":[{"count":1,"href":"https:\/\/infogandia.es\/index.php\/wp-json\/wp\/v2\/posts\/7965\/revisions"}],"predecessor-version":[{"id":7967,"href":"https:\/\/infogandia.es\/index.php\/wp-json\/wp\/v2\/posts\/7965\/revisions\/7967"}],"wp:featuredmedia":[{"embeddable":true,"href":"https:\/\/infogandia.es\/index.php\/wp-json\/wp\/v2\/media\/7966"}],"wp:attachment":[{"href":"https:\/\/infogandia.es\/index.php\/wp-json\/wp\/v2\/media?parent=7965"}],"wp:term":[{"taxonomy":"category","embeddable":true,"href":"https:\/\/infogandia.es\/index.php\/wp-json\/wp\/v2\/categories?post=7965"},{"taxonomy":"post_tag","embeddable":true,"href":"https:\/\/infogandia.es\/index.php\/wp-json\/wp\/v2\/tags?post=7965"}],"curies":[{"name":"wp","href":"https:\/\/api.w.org\/{rel}","templated":true}]}}