{"id":7984,"date":"2026-01-23T12:12:18","date_gmt":"2026-01-23T12:12:18","guid":{"rendered":"https:\/\/infogandia.es\/?p=7984"},"modified":"2026-01-23T12:12:19","modified_gmt":"2026-01-23T12:12:19","slug":"la-diputacio-de-valencia-situa-a-los-pueblos-en-el-eje-de-su-estrategia-turistica-en-fitur-bajo-el-lema-te-falta-poble","status":"publish","type":"post","link":"https:\/\/infogandia.es\/index.php\/2026\/01\/23\/la-diputacio-de-valencia-situa-a-los-pueblos-en-el-eje-de-su-estrategia-turistica-en-fitur-bajo-el-lema-te-falta-poble\/","title":{"rendered":"La Diputaci\u00f3 de Val\u00e8ncia sit\u00faa a los pueblos en el eje de su estrategia tur\u00edstica en Fitur bajo el lema \u2018Te falta poble\u2019"},"content":{"rendered":"\n<p>La Diputaci\u00f3 de Val\u00e8ncia ha celebrado el D\u00eda de la Provincia en la Feria Internacional de Turismo de Madrid (Fitur), donde ha presentado las principales l\u00edneas de su estrategia tur\u00edstica para 2026, centrada en el valor de los pueblos y en la experiencia aut\u00e9ntica que ofrecen al visitante. La campa\u00f1a se articula bajo el lema \u2018Te falta poble. Valencia desde dentro\u2019.<\/p>\n\n\n\n<p>En el acto, celebrado en el pabell\u00f3n 7 de IFEMA, el presidente de la corporaci\u00f3n, Vicent Momp\u00f3, junto al diputado de Turismo, Pedro Cuesta, ha dado a conocer esta nueva propuesta, que apuesta por poner en el centro de la promoci\u00f3n tur\u00edstica a los municipios de la provincia y su encanto singular. El objetivo es reforzar el atractivo cualitativo de los pueblos como espacios de identidad, autenticidad y forma de vida, en l\u00ednea con las nuevas demandas del turismo actual.<\/p>\n\n\n\n<figure class=\"wp-block-image size-large\"><img fetchpriority=\"high\" decoding=\"async\" width=\"1024\" height=\"665\" src=\"http:\/\/infogandia.es\/wp-content\/uploads\/2026\/01\/1769167478-1024x665.webp\" alt=\"\" class=\"wp-image-7985\" srcset=\"https:\/\/infogandia.es\/wp-content\/uploads\/2026\/01\/1769167478-1024x665.webp 1024w, https:\/\/infogandia.es\/wp-content\/uploads\/2026\/01\/1769167478-300x195.webp 300w, https:\/\/infogandia.es\/wp-content\/uploads\/2026\/01\/1769167478-768x499.webp 768w, https:\/\/infogandia.es\/wp-content\/uploads\/2026\/01\/1769167478.webp 1133w\" sizes=\"(max-width: 1024px) 100vw, 1024px\" \/><\/figure>\n\n\n\n<p>Momp\u00f3 ha se\u00f1alado que la campa\u00f1a se dirige tanto a quienes visitan la provincia como a los propios valencianos, que en muchas ocasiones desconocen la riqueza cultural, paisaj\u00edstica y patrimonial de sus municipios. En la misma l\u00ednea, Cuesta ha destacado que la iniciativa pretende invitar a descubrir la provincia m\u00e1s all\u00e1 de los destinos m\u00e1s conocidos, acercando al visitante a las tradiciones, la gastronom\u00eda y la vida cotidiana de los pueblos.<\/p>\n\n\n\n<p>Durante la presentaci\u00f3n, la Diputaci\u00f3n ha avanzado los principales proyectos que marcar\u00e1n su pol\u00edtica tur\u00edstica este a\u00f1o, entre los que figuran iniciativas vinculadas a la sostenibilidad y la innovaci\u00f3n, el impulso del astroturismo, la colaboraci\u00f3n entre municipios de costa e interior y la puesta en valor de las casas regionales de Valencia como embajadoras tur\u00edsticas.<\/p>\n\n\n\n<p>Entre las novedades destaca la creaci\u00f3n del Hub Inteligente Territorial de Sostenibilidad Tur\u00edstica, un espacio experiencial que integrar\u00e1 los recursos de toda la provincia mediante contenidos digitales e inmersivos. Asimismo, se ha presentado el Plan Director de Destino Tur\u00edstico Inteligente, que establecer\u00e1 la hoja de ruta para avanzar en gobernanza, digitalizaci\u00f3n, accesibilidad y sostenibilidad en los municipios valencianos. A estas herramientas se suma el nuevo Observatorio Provincial de Movilidad Tur\u00edstica, que permitir\u00e1 analizar los flujos de visitantes y mejorar la planificaci\u00f3n de las pol\u00edticas tur\u00edsticas.<\/p>\n\n\n\n<figure class=\"wp-block-gallery has-nested-images columns-default is-cropped wp-block-gallery-1 is-layout-flex wp-block-gallery-is-layout-flex\">\n<figure class=\"wp-block-image size-large\"><img decoding=\"async\" width=\"1024\" height=\"665\" data-id=\"7988\" src=\"https:\/\/infogandia.es\/wp-content\/uploads\/2026\/01\/Fitur-foto_abulaila14-2-1024x665.jpg\" alt=\"\" class=\"wp-image-7988\" srcset=\"https:\/\/infogandia.es\/wp-content\/uploads\/2026\/01\/Fitur-foto_abulaila14-2-1024x665.jpg 1024w, https:\/\/infogandia.es\/wp-content\/uploads\/2026\/01\/Fitur-foto_abulaila14-2-300x195.jpg 300w, https:\/\/infogandia.es\/wp-content\/uploads\/2026\/01\/Fitur-foto_abulaila14-2-768x499.jpg 768w, https:\/\/infogandia.es\/wp-content\/uploads\/2026\/01\/Fitur-foto_abulaila14-2-1536x998.jpg 1536w, https:\/\/infogandia.es\/wp-content\/uploads\/2026\/01\/Fitur-foto_abulaila14-2-2048x1331.jpg 2048w\" sizes=\"(max-width: 1024px) 100vw, 1024px\" \/><\/figure>\n\n\n\n<figure class=\"wp-block-image size-large\"><img decoding=\"async\" width=\"1024\" height=\"665\" data-id=\"7987\" src=\"https:\/\/infogandia.es\/wp-content\/uploads\/2026\/01\/Fitur-foto_abulaila10-2-1024x665.jpg\" alt=\"\" class=\"wp-image-7987\" srcset=\"https:\/\/infogandia.es\/wp-content\/uploads\/2026\/01\/Fitur-foto_abulaila10-2-1024x665.jpg 1024w, https:\/\/infogandia.es\/wp-content\/uploads\/2026\/01\/Fitur-foto_abulaila10-2-300x195.jpg 300w, https:\/\/infogandia.es\/wp-content\/uploads\/2026\/01\/Fitur-foto_abulaila10-2-768x499.jpg 768w, https:\/\/infogandia.es\/wp-content\/uploads\/2026\/01\/Fitur-foto_abulaila10-2-1536x998.jpg 1536w, https:\/\/infogandia.es\/wp-content\/uploads\/2026\/01\/Fitur-foto_abulaila10-2-2048x1331.jpg 2048w\" sizes=\"(max-width: 1024px) 100vw, 1024px\" \/><\/figure>\n<\/figure>\n\n\n\n<p>Otro de los ejes estrat\u00e9gicos es el lanzamiento de la marca \u2018Valencia Turismo de Estrellas\u2019, con la que la Diputaci\u00f3n apuesta por posicionar el interior de la provincia como referente en astroturismo sostenible, apoy\u00e1ndose inicialmente en los territorios del Alto Turia y Tierra Bobal. Esta iniciativa combina la observaci\u00f3n astron\u00f3mica con turismo rural, naturaleza, enoturismo y patrimonio cultural.<\/p>\n\n\n\n<p>La instituci\u00f3n tambi\u00e9n impulsar\u00e1 acuerdos con las casas regionales de Valencia en otras comunidades aut\u00f3nomas para reforzar su papel como puntos de promoci\u00f3n tur\u00edstica, as\u00ed como el proyecto de hermanamiento entre municipios de costa e interior, destinado a desarrollar acciones conjuntas que pongan en valor la diversidad y complementariedad del territorio.<\/p>\n\n\n\n<p>Durante Fitur, la Diputaci\u00f3 de Val\u00e8ncia ha presentado adem\u00e1s el Cat\u00e1logo de Experiencias Tur\u00edsticas 2026, que re\u00fane m\u00e1s de 200 propuestas vinculadas al turismo cultural, deportivo, gastron\u00f3mico y enol\u00f3gico, concebidas para fomentar una forma de viajar basada en vivir la provincia y no solo visitarla.<\/p>\n\n\n\n<p>La presencia de la corporaci\u00f3n en la feria se completa con un amplio programa de actividades, presentaciones profesionales, demostraciones gastron\u00f3micas y acciones de dinamizaci\u00f3n cultural. Adem\u00e1s, participa en espacios espec\u00edficos como Fitur LGTB+, Fitur Screen y Fitur Sports, con el objetivo de promocionar un turismo inclusivo, vinculado al sector audiovisual y al deporte, junto a varios municipios de la provincia.<\/p>\n\n\n\n<p><\/p>\n","protected":false},"excerpt":{"rendered":"<p>La Diputaci\u00f3 de Val\u00e8ncia ha celebrado el D\u00eda de la Provincia en la Feria Internacional de Turismo de Madrid (Fitur), donde ha presentado las principales l\u00edneas de su estrategia tur\u00edstica para 2026, centrada en el valor de los pueblos y en la experiencia aut\u00e9ntica que ofrecen al visitante. La campa\u00f1a se articula bajo el lema&#8230;<\/p>\n","protected":false},"author":1,"featured_media":7986,"comment_status":"open","ping_status":"open","sticky":false,"template":"","format":"standard","meta":{"footnotes":""},"categories":[1,27,57],"tags":[],"class_list":["post-7984","post","type-post","status-publish","format-standard","has-post-thumbnail","hentry","category-actualidad","category-sociedad","category-turismo"],"_links":{"self":[{"href":"https:\/\/infogandia.es\/index.php\/wp-json\/wp\/v2\/posts\/7984","targetHints":{"allow":["GET"]}}],"collection":[{"href":"https:\/\/infogandia.es\/index.php\/wp-json\/wp\/v2\/posts"}],"about":[{"href":"https:\/\/infogandia.es\/index.php\/wp-json\/wp\/v2\/types\/post"}],"author":[{"embeddable":true,"href":"https:\/\/infogandia.es\/index.php\/wp-json\/wp\/v2\/users\/1"}],"replies":[{"embeddable":true,"href":"https:\/\/infogandia.es\/index.php\/wp-json\/wp\/v2\/comments?post=7984"}],"version-history":[{"count":1,"href":"https:\/\/infogandia.es\/index.php\/wp-json\/wp\/v2\/posts\/7984\/revisions"}],"predecessor-version":[{"id":7989,"href":"https:\/\/infogandia.es\/index.php\/wp-json\/wp\/v2\/posts\/7984\/revisions\/7989"}],"wp:featuredmedia":[{"embeddable":true,"href":"https:\/\/infogandia.es\/index.php\/wp-json\/wp\/v2\/media\/7986"}],"wp:attachment":[{"href":"https:\/\/infogandia.es\/index.php\/wp-json\/wp\/v2\/media?parent=7984"}],"wp:term":[{"taxonomy":"category","embeddable":true,"href":"https:\/\/infogandia.es\/index.php\/wp-json\/wp\/v2\/categories?post=7984"},{"taxonomy":"post_tag","embeddable":true,"href":"https:\/\/infogandia.es\/index.php\/wp-json\/wp\/v2\/tags?post=7984"}],"curies":[{"name":"wp","href":"https:\/\/api.w.org\/{rel}","templated":true}]}}