{"id":8002,"date":"2026-01-26T16:54:36","date_gmt":"2026-01-26T16:54:36","guid":{"rendered":"https:\/\/infogandia.es\/?p=8002"},"modified":"2026-01-26T16:54:36","modified_gmt":"2026-01-26T16:54:36","slug":"la-corporacion-municipal-de-gandia-guarda-un-minuto-de-silencio-en-condena-de-la-violencia-de-genero","status":"publish","type":"post","link":"https:\/\/infogandia.es\/index.php\/2026\/01\/26\/la-corporacion-municipal-de-gandia-guarda-un-minuto-de-silencio-en-condena-de-la-violencia-de-genero\/","title":{"rendered":"La Corporaci\u00f3n municipal de Gandia guarda un minuto de silencio en condena de la violencia de g\u00e9nero"},"content":{"rendered":"\n<p>La Corporaci\u00f3n municipal de Gandia ha guardado hoy un minuto de silencio, convocado por la <strong>FEMP<\/strong> (Federaci\u00f3n Espa\u00f1ola de Municipios y Provincias), en se\u00f1al de condena y rechazo a las \u00faltimas v\u00edctimas de la violencia machista.<\/p>\n\n\n\n<p>El Ayuntamiento ha recordado que la violencia de g\u00e9nero constituye <strong>la vulneraci\u00f3n m\u00e1s extrema de los derechos humanos y las libertades<\/strong>, e inst\u00f3 a toda la ciudadan\u00eda a decir <strong>\u201cBasta\u201d<\/strong> frente a esta lacra social.<\/p>\n\n\n\n<p>Asimismo, se han recordado los canales de atenci\u00f3n disponibles para las v\u00edctimas:<\/p>\n\n\n\n<ul class=\"wp-block-list\">\n<li><strong>016<\/strong>: Tel\u00e9fono gratuito de atenci\u00f3n a la v\u00edctima de violencia de g\u00e9nero (no deja rastro en la factura; es recomendable borrarlo del listado de llamadas).<\/li>\n\n\n\n<li><strong>96 295 95 28<\/strong>: \u00c1rea de Igualdad, Diversidad y Pol\u00edticas Inclusivas de Gandia.<\/li>\n\n\n\n<li><strong>96 287 88 00 \/ 96 287 88 01<\/strong>: Polic\u00eda Local de Gandia.<\/li>\n\n\n\n<li><strong>091<\/strong>: Polic\u00eda Nacional.<\/li>\n\n\n\n<li><strong>112<\/strong>: Tel\u00e9fono de Emergencias.<\/li>\n<\/ul>\n\n\n\n<p>El Ayuntamiento ha reafirmado su compromiso con la lucha contra la violencia de g\u00e9nero, la protecci\u00f3n de las v\u00edctimas y la concienciaci\u00f3n social para erradicar esta grave problem\u00e1tica.<\/p>\n","protected":false},"excerpt":{"rendered":"<p>La Corporaci\u00f3n municipal de Gandia ha guardado hoy un minuto de silencio, convocado por la FEMP (Federaci\u00f3n Espa\u00f1ola de Municipios y Provincias), en se\u00f1al de condena y rechazo a las \u00faltimas v\u00edctimas de la violencia machista. El Ayuntamiento ha recordado que la violencia de g\u00e9nero constituye la vulneraci\u00f3n m\u00e1s extrema de los derechos humanos y&#8230;<\/p>\n","protected":false},"author":1,"featured_media":8003,"comment_status":"open","ping_status":"open","sticky":false,"template":"","format":"standard","meta":{"footnotes":""},"categories":[1,27],"tags":[],"class_list":["post-8002","post","type-post","status-publish","format-standard","has-post-thumbnail","hentry","category-actualidad","category-sociedad"],"_links":{"self":[{"href":"https:\/\/infogandia.es\/index.php\/wp-json\/wp\/v2\/posts\/8002","targetHints":{"allow":["GET"]}}],"collection":[{"href":"https:\/\/infogandia.es\/index.php\/wp-json\/wp\/v2\/posts"}],"about":[{"href":"https:\/\/infogandia.es\/index.php\/wp-json\/wp\/v2\/types\/post"}],"author":[{"embeddable":true,"href":"https:\/\/infogandia.es\/index.php\/wp-json\/wp\/v2\/users\/1"}],"replies":[{"embeddable":true,"href":"https:\/\/infogandia.es\/index.php\/wp-json\/wp\/v2\/comments?post=8002"}],"version-history":[{"count":1,"href":"https:\/\/infogandia.es\/index.php\/wp-json\/wp\/v2\/posts\/8002\/revisions"}],"predecessor-version":[{"id":8004,"href":"https:\/\/infogandia.es\/index.php\/wp-json\/wp\/v2\/posts\/8002\/revisions\/8004"}],"wp:featuredmedia":[{"embeddable":true,"href":"https:\/\/infogandia.es\/index.php\/wp-json\/wp\/v2\/media\/8003"}],"wp:attachment":[{"href":"https:\/\/infogandia.es\/index.php\/wp-json\/wp\/v2\/media?parent=8002"}],"wp:term":[{"taxonomy":"category","embeddable":true,"href":"https:\/\/infogandia.es\/index.php\/wp-json\/wp\/v2\/categories?post=8002"},{"taxonomy":"post_tag","embeddable":true,"href":"https:\/\/infogandia.es\/index.php\/wp-json\/wp\/v2\/tags?post=8002"}],"curies":[{"name":"wp","href":"https:\/\/api.w.org\/{rel}","templated":true}]}}