{"id":8005,"date":"2026-01-27T08:05:20","date_gmt":"2026-01-27T08:05:20","guid":{"rendered":"https:\/\/infogandia.es\/?p=8005"},"modified":"2026-01-27T08:05:21","modified_gmt":"2026-01-27T08:05:21","slug":"el-pirata-beach-fest-de-gandia-suma-y-sigue-con-nuevas-confirmaciones-y-refuerza-un-cartel-de-primer-nivel-para-2026","status":"publish","type":"post","link":"https:\/\/infogandia.es\/index.php\/2026\/01\/27\/el-pirata-beach-fest-de-gandia-suma-y-sigue-con-nuevas-confirmaciones-y-refuerza-un-cartel-de-primer-nivel-para-2026\/","title":{"rendered":"El Pirata Beach Fest de Gand\u00eda suma y sigue con nuevas confirmaciones y refuerza un cartel de primer nivel para 2026"},"content":{"rendered":"\n<p>El <strong>Pirata Beach Fest<\/strong> celebrar\u00e1 su <strong>octava edici\u00f3n<\/strong> los d\u00edas <strong>8, 9, 10 y 11 de julio de 2026<\/strong> en el <strong>Pol\u00edgono Benieto de Gand\u00eda<\/strong>, consolid\u00e1ndose un a\u00f1o m\u00e1s como una de las grandes citas musicales del verano a nivel nacional. Durante cuatro jornadas, la ciudad volver\u00e1 a convertirse en epicentro de la m\u00fasica en directo, reuniendo a miles de asistentes llegados de distintos puntos de Espa\u00f1a para disfrutar de una programaci\u00f3n amplia, diversa y de alto nivel art\u00edstico.<\/p>\n\n\n\n<p>Ubicado a escasos minutos de la playa, el recinto del festival combina m\u00fasica, ambiente festivo y el atractivo del Mediterr\u00e1neo, configurando una experiencia que va m\u00e1s all\u00e1 de los conciertos y que se ha convertido en una se\u00f1a de identidad del Pirata Beach Fest. El evento mantiene su apuesta por un modelo de ocio basado en la convivencia, la diversidad cultural y una oferta musical que recorre g\u00e9neros como el rock, el rap, el mestizaje, el ska, el punk y las fusiones contempor\u00e1neas.<\/p>\n\n\n\n<h2 class=\"wp-block-heading\">Nuevas confirmaciones de peso<\/h2>\n\n\n\n<p>En esta nueva tanda de incorporaciones destaca la presencia del rapero <strong>Fernandocosta<\/strong>, uno de los artistas m\u00e1s influyentes del panorama urbano actual. De ra\u00edces ibicencas y granadinas, llegar\u00e1 a Gand\u00eda con un directo contundente y un estilo crudo y profundamente enraizado, que lo ha situado como uno de los grandes referentes del rap en Espa\u00f1a.<\/p>\n\n\n\n<p>Tambi\u00e9n se suma al cartel <strong>Alcal\u00e1 Norte<\/strong>, banda madrile\u00f1a que se ha convertido en una de las grandes revelaciones del indie pop-rock nacional gracias a su potente sonido y a una puesta en escena que ha conquistado a p\u00fablico y cr\u00edtica. Junto a ellos, el festival acoger\u00e1 el esperado espect\u00e1culo conjunto de <strong>Sharif &amp; Rapsusklei<\/strong>, dos de las voces m\u00e1s respetadas del rap en castellano, que tras a\u00f1os de amistad y colaboraciones puntuales presentan un show compartido en el que confluyen poes\u00eda, compromiso y energ\u00eda sobre el escenario.<\/p>\n\n\n\n<p>Otro de los nombres destacados es <strong>Alberto Gambino<\/strong>, referente del rap festivo y descarado, que aportar\u00e1 veteran\u00eda y carisma a un cartel cada vez m\u00e1s heterog\u00e9neo. La escena valenciana tambi\u00e9n gana protagonismo con <strong>Holistiks<\/strong>, formaci\u00f3n que fusiona funk, rock y rap con un directo arrollador, y con <strong>Attica<\/strong>, banda que mezcla rock, pop y metal alternativo en un espect\u00e1culo vibrante y cargado de intensidad.<\/p>\n\n\n\n<figure class=\"wp-block-gallery has-nested-images columns-default is-cropped wp-block-gallery-1 is-layout-flex wp-block-gallery-is-layout-flex\">\n<figure class=\"wp-block-image size-large\"><img fetchpriority=\"high\" decoding=\"async\" width=\"1024\" height=\"704\" data-id=\"8009\" src=\"https:\/\/infogandia.es\/wp-content\/uploads\/2026\/01\/SHARIF-RAPSUSKLEI-FOTO-1-2026-1024x704.jpeg\" alt=\"\" class=\"wp-image-8009\" srcset=\"https:\/\/infogandia.es\/wp-content\/uploads\/2026\/01\/SHARIF-RAPSUSKLEI-FOTO-1-2026-1024x704.jpeg 1024w, https:\/\/infogandia.es\/wp-content\/uploads\/2026\/01\/SHARIF-RAPSUSKLEI-FOTO-1-2026-300x206.jpeg 300w, https:\/\/infogandia.es\/wp-content\/uploads\/2026\/01\/SHARIF-RAPSUSKLEI-FOTO-1-2026-768x528.jpeg 768w, https:\/\/infogandia.es\/wp-content\/uploads\/2026\/01\/SHARIF-RAPSUSKLEI-FOTO-1-2026-1536x1056.jpeg 1536w, https:\/\/infogandia.es\/wp-content\/uploads\/2026\/01\/SHARIF-RAPSUSKLEI-FOTO-1-2026-1020x700.jpeg 1020w, https:\/\/infogandia.es\/wp-content\/uploads\/2026\/01\/SHARIF-RAPSUSKLEI-FOTO-1-2026.jpeg 1920w\" sizes=\"(max-width: 1024px) 100vw, 1024px\" \/><\/figure>\n\n\n\n<figure class=\"wp-block-image size-large\"><img decoding=\"async\" width=\"819\" height=\"1024\" data-id=\"8008\" src=\"https:\/\/infogandia.es\/wp-content\/uploads\/2026\/01\/FERNANDOCOSTA-FOTO-1-2026-819x1024.jpg\" alt=\"\" class=\"wp-image-8008\" srcset=\"https:\/\/infogandia.es\/wp-content\/uploads\/2026\/01\/FERNANDOCOSTA-FOTO-1-2026-819x1024.jpg 819w, https:\/\/infogandia.es\/wp-content\/uploads\/2026\/01\/FERNANDOCOSTA-FOTO-1-2026-240x300.jpg 240w, https:\/\/infogandia.es\/wp-content\/uploads\/2026\/01\/FERNANDOCOSTA-FOTO-1-2026-768x960.jpg 768w, https:\/\/infogandia.es\/wp-content\/uploads\/2026\/01\/FERNANDOCOSTA-FOTO-1-2026-1229x1536.jpg 1229w, https:\/\/infogandia.es\/wp-content\/uploads\/2026\/01\/FERNANDOCOSTA-FOTO-1-2026-1638x2048.jpg 1638w, https:\/\/infogandia.es\/wp-content\/uploads\/2026\/01\/FERNANDOCOSTA-FOTO-1-2026-scaled.jpg 2048w\" sizes=\"(max-width: 819px) 100vw, 819px\" \/><\/figure>\n\n\n\n<figure class=\"wp-block-image size-large\"><img decoding=\"async\" width=\"1024\" height=\"704\" data-id=\"8006\" src=\"https:\/\/infogandia.es\/wp-content\/uploads\/2026\/01\/ALCALA-NORTE-FOTO-1-2026.png\" alt=\"\" class=\"wp-image-8006\" srcset=\"https:\/\/infogandia.es\/wp-content\/uploads\/2026\/01\/ALCALA-NORTE-FOTO-1-2026.png 1024w, https:\/\/infogandia.es\/wp-content\/uploads\/2026\/01\/ALCALA-NORTE-FOTO-1-2026-300x206.png 300w, https:\/\/infogandia.es\/wp-content\/uploads\/2026\/01\/ALCALA-NORTE-FOTO-1-2026-768x528.png 768w, https:\/\/infogandia.es\/wp-content\/uploads\/2026\/01\/ALCALA-NORTE-FOTO-1-2026-1020x700.png 1020w\" sizes=\"(max-width: 1024px) 100vw, 1024px\" \/><\/figure>\n<\/figure>\n\n\n\n<h2 class=\"wp-block-heading\">Un cartel amplio y diverso<\/h2>\n\n\n\n<p>Estas nuevas confirmaciones se suman a un elenco art\u00edstico que ya supera las <strong>cuarenta propuestas<\/strong> y que incluye a nombres tan destacados como <strong>La Gossa Sorda, La F\u00famiga, Molotov, Figa Flawas, La Pegatina, Evaristo, Hoke, Lia Kali, The Tyets, Yung Beef, Buhos, Non Servium, M\u00e4go de Oz<\/strong> y <strong>Sanguijuelas del Guadiana<\/strong>.<\/p>\n\n\n\n<p>Completan, hasta el momento, el cartel artistas y bandas como <strong>Talco, Benito Kamelas, Boikot, La Fuga, Els Catarres, John Poll\u00f5n, Segismundo Toxic\u00f3mano, La \u00c9lite, Los de Marras, Auxili, Linaje, Biznaga, Itaca Band, Sons of Aguirre &amp; Scila, Malifeta, En Tol Sarmiento, Reincidentes, Doctor Prats, Green Valley, El \u00daltimo ke Zierre, El Diluvi, Lablackie, Naina, Manifa, Me Fritos &amp; The Gimme Cheetos, La Sra. Tomasa, Pedro Pastor, Af\u00f3nica Naranjo<\/strong> y <strong>El Sombrero del Abuelo<\/strong>.<\/p>\n\n\n\n<p>Un conjunto de propuestas que refleja la identidad del Pirata Beach Fest: un festival que apuesta por la pluralidad sonora, la energ\u00eda del directo y una programaci\u00f3n que combina grandes referentes del panorama nacional con bandas emergentes y proyectos alternativos.<\/p>\n\n\n\n<h2 class=\"wp-block-heading\">Gand\u00eda, epicentro musical del verano<\/h2>\n\n\n\n<p>Con cada nueva edici\u00f3n, el Pirata Beach Fest refuerza su papel como motor cultural y tur\u00edstico para Gand\u00eda, atrayendo a miles de visitantes y consolidando la ciudad como uno de los destinos musicales del verano en la costa valenciana. La organizaci\u00f3n ha se\u00f1alado que el festival sigue trabajando para superarse tanto en el plano art\u00edstico como en el organizativo, apostando por una experiencia cada vez m\u00e1s completa para el p\u00fablico.<\/p>\n\n\n\n<p>Las <strong>entradas para el Pirata Beach Fest 2026 ya est\u00e1n a la venta<\/strong> en la web oficial del festival.<\/p>\n\n\n\n<p><strong>Viento en popa y rumbo a Pirata Beach Fest 2026.<\/strong><\/p>\n","protected":false},"excerpt":{"rendered":"<p>El Pirata Beach Fest celebrar\u00e1 su octava edici\u00f3n los d\u00edas 8, 9, 10 y 11 de julio de 2026 en el Pol\u00edgono Benieto de Gand\u00eda, consolid\u00e1ndose un a\u00f1o m\u00e1s como una de las grandes citas musicales del verano a nivel nacional. Durante cuatro jornadas, la ciudad volver\u00e1 a convertirse en epicentro de la m\u00fasica en&#8230;<\/p>\n","protected":false},"author":1,"featured_media":8007,"comment_status":"open","ping_status":"open","sticky":false,"template":"","format":"standard","meta":{"footnotes":""},"categories":[1,27,57],"tags":[],"class_list":["post-8005","post","type-post","status-publish","format-standard","has-post-thumbnail","hentry","category-actualidad","category-sociedad","category-turismo"],"_links":{"self":[{"href":"https:\/\/infogandia.es\/index.php\/wp-json\/wp\/v2\/posts\/8005","targetHints":{"allow":["GET"]}}],"collection":[{"href":"https:\/\/infogandia.es\/index.php\/wp-json\/wp\/v2\/posts"}],"about":[{"href":"https:\/\/infogandia.es\/index.php\/wp-json\/wp\/v2\/types\/post"}],"author":[{"embeddable":true,"href":"https:\/\/infogandia.es\/index.php\/wp-json\/wp\/v2\/users\/1"}],"replies":[{"embeddable":true,"href":"https:\/\/infogandia.es\/index.php\/wp-json\/wp\/v2\/comments?post=8005"}],"version-history":[{"count":1,"href":"https:\/\/infogandia.es\/index.php\/wp-json\/wp\/v2\/posts\/8005\/revisions"}],"predecessor-version":[{"id":8010,"href":"https:\/\/infogandia.es\/index.php\/wp-json\/wp\/v2\/posts\/8005\/revisions\/8010"}],"wp:featuredmedia":[{"embeddable":true,"href":"https:\/\/infogandia.es\/index.php\/wp-json\/wp\/v2\/media\/8007"}],"wp:attachment":[{"href":"https:\/\/infogandia.es\/index.php\/wp-json\/wp\/v2\/media?parent=8005"}],"wp:term":[{"taxonomy":"category","embeddable":true,"href":"https:\/\/infogandia.es\/index.php\/wp-json\/wp\/v2\/categories?post=8005"},{"taxonomy":"post_tag","embeddable":true,"href":"https:\/\/infogandia.es\/index.php\/wp-json\/wp\/v2\/tags?post=8005"}],"curies":[{"name":"wp","href":"https:\/\/api.w.org\/{rel}","templated":true}]}}