{"id":8014,"date":"2026-01-27T19:26:36","date_gmt":"2026-01-27T19:26:36","guid":{"rendered":"https:\/\/infogandia.es\/?p=8014"},"modified":"2026-01-27T19:27:37","modified_gmt":"2026-01-27T19:27:37","slug":"la-hermandad-del-santo-supper-celebra-su-50o-aniversario-con-un-via-crucis-viviente-excepcional-en-gandia","status":"publish","type":"post","link":"https:\/\/infogandia.es\/index.php\/2026\/01\/27\/la-hermandad-del-santo-supper-celebra-su-50o-aniversario-con-un-via-crucis-viviente-excepcional-en-gandia\/","title":{"rendered":"La Hermandad del Santo Supper celebra su 50\u00ba aniversario con un V\u00eda Crucis Viviente excepcional en Gand\u00eda"},"content":{"rendered":"\n<p>La Hermandad del Santo Supper conmemora este a\u00f1o su <strong>50\u00ba aniversario<\/strong> con un acto central que promete ser uno de los m\u00e1s emotivos de su historia: una <strong>procesi\u00f3n extraordinaria<\/strong> que recorrer\u00e1 las calles del distrito de <strong>Santa Anna<\/strong>.<\/p>\n\n\n\n<p>Durante la presentaci\u00f3n oficial del evento, el concejal de Semana Santa, <strong>Miguel \u00c1ngel Picornell<\/strong>, destac\u00f3 que esta celebraci\u00f3n coincide con los <strong>50 a\u00f1os del primer V\u00eda Crucis Viviente<\/strong> organizado por la Hermandad en el distrito, consolidando una tradici\u00f3n \u00fanica que se mantiene viva desde su fundaci\u00f3n.<\/p>\n\n\n\n<p>El hermano mayor de la Hermandad, <strong>Jordi P\u00e9rez<\/strong>, explic\u00f3 que la procesi\u00f3n extraordinaria tendr\u00e1 lugar <strong>este s\u00e1bado a las 19:30 horas<\/strong>, con salida desde la <strong>plaza de las Escuelas P\u00edas<\/strong>, recorriendo las calles <strong>San Francisco de Borja<\/strong> y el <strong>Paseo de las German\u00edas<\/strong>, y finalizando en la <strong>plaza del Ayuntamiento<\/strong>. El acto contar\u00e1 con la participaci\u00f3n de la <strong>banda de tambores y cornetas del Cautivo de Oliva<\/strong>, que interpretar\u00e1 una marcha en honor a la Hermandad.<\/p>\n\n\n\n<p>P\u00e9rez subray\u00f3 la elevada participaci\u00f3n de la comunidad, tanto de hermanos veteranos como de nuevos miembros, y remarc\u00f3 la singularidad del <strong>V\u00eda Crucis Viviente<\/strong>, ya que se trata de <strong>la \u00fanica Hermandad de Espa\u00f1a que cuenta con una imagen viviente<\/strong>, un hecho que le confiere una identidad propia dentro de la Semana Santa de Gand\u00eda.<\/p>\n\n\n\n<p>Asimismo, inform\u00f3 de que la Hermandad ha iniciado los tr\u00e1mites para obtener el reconocimiento como <strong>Bien de Relevancia Local<\/strong>, aunque en estos momentos el principal esfuerzo est\u00e1 centrado en la conmemoraci\u00f3n del 50\u00ba aniversario.<\/p>\n\n\n\n<p>\u201cEste aniversario supone un homenaje a medio siglo de dedicaci\u00f3n y pasi\u00f3n, manteniendo viva una tradici\u00f3n \u00fanica que combina devoci\u00f3n, historia y participaci\u00f3n comunitaria\u201d, concluy\u00f3 el hermano mayor.<\/p>\n","protected":false},"excerpt":{"rendered":"<p>La Hermandad del Santo Supper conmemora este a\u00f1o su 50\u00ba aniversario con un acto central que promete ser uno de los m\u00e1s emotivos de su historia: una procesi\u00f3n extraordinaria que recorrer\u00e1 las calles del distrito de Santa Anna. Durante la presentaci\u00f3n oficial del evento, el concejal de Semana Santa, Miguel \u00c1ngel Picornell, destac\u00f3 que esta&#8230;<\/p>\n","protected":false},"author":1,"featured_media":8015,"comment_status":"open","ping_status":"open","sticky":false,"template":"","format":"standard","meta":{"footnotes":""},"categories":[1,27],"tags":[],"class_list":["post-8014","post","type-post","status-publish","format-standard","has-post-thumbnail","hentry","category-actualidad","category-sociedad"],"_links":{"self":[{"href":"https:\/\/infogandia.es\/index.php\/wp-json\/wp\/v2\/posts\/8014","targetHints":{"allow":["GET"]}}],"collection":[{"href":"https:\/\/infogandia.es\/index.php\/wp-json\/wp\/v2\/posts"}],"about":[{"href":"https:\/\/infogandia.es\/index.php\/wp-json\/wp\/v2\/types\/post"}],"author":[{"embeddable":true,"href":"https:\/\/infogandia.es\/index.php\/wp-json\/wp\/v2\/users\/1"}],"replies":[{"embeddable":true,"href":"https:\/\/infogandia.es\/index.php\/wp-json\/wp\/v2\/comments?post=8014"}],"version-history":[{"count":2,"href":"https:\/\/infogandia.es\/index.php\/wp-json\/wp\/v2\/posts\/8014\/revisions"}],"predecessor-version":[{"id":8019,"href":"https:\/\/infogandia.es\/index.php\/wp-json\/wp\/v2\/posts\/8014\/revisions\/8019"}],"wp:featuredmedia":[{"embeddable":true,"href":"https:\/\/infogandia.es\/index.php\/wp-json\/wp\/v2\/media\/8015"}],"wp:attachment":[{"href":"https:\/\/infogandia.es\/index.php\/wp-json\/wp\/v2\/media?parent=8014"}],"wp:term":[{"taxonomy":"category","embeddable":true,"href":"https:\/\/infogandia.es\/index.php\/wp-json\/wp\/v2\/categories?post=8014"},{"taxonomy":"post_tag","embeddable":true,"href":"https:\/\/infogandia.es\/index.php\/wp-json\/wp\/v2\/tags?post=8014"}],"curies":[{"name":"wp","href":"https:\/\/api.w.org\/{rel}","templated":true}]}}