{"id":8017,"date":"2026-01-27T19:27:03","date_gmt":"2026-01-27T19:27:03","guid":{"rendered":"https:\/\/infogandia.es\/?p=8017"},"modified":"2026-01-27T19:27:03","modified_gmt":"2026-01-27T19:27:03","slug":"el-pp-acusa-al-alcalde-prieto-de-vender-humo-en-materia-de-vivienda-tras-ocho-anos-sin-resultados","status":"publish","type":"post","link":"https:\/\/infogandia.es\/index.php\/2026\/01\/27\/el-pp-acusa-al-alcalde-prieto-de-vender-humo-en-materia-de-vivienda-tras-ocho-anos-sin-resultados\/","title":{"rendered":"El PP acusa al alcalde Prieto de \u201cvender humo\u201d en materia de vivienda tras ocho a\u00f1os sin resultados"},"content":{"rendered":"\n<p>El portavoz del Grupo Municipal Popular, <strong>V\u00edctor Soler<\/strong>, ha denunciado hoy la \u201cfalta absoluta de gesti\u00f3n\u201d del alcalde de Gandia, Jos\u00e9 Manuel Prieto, en materia de vivienda, asegurando que \u201ctras ocho a\u00f1os en el gobierno municipal seguimos exactamente igual: sin una sola vivienda nueva impulsada por su equipo y con los mismos problemas, pero m\u00e1s agravados\u201d.<\/p>\n\n\n\n<p>Soler ha afirmado que la \u00faltima medida anunciada por el alcalde \u201cno es m\u00e1s que otro anuncio vac\u00edo\u201d, que, a su juicio, responde a una estrategia de \u201cmaquillar su mala gesti\u00f3n y desviar la atenci\u00f3n de su fracaso\u201d. \u201cOcho a\u00f1os perdidos. Cero viviendas construidas bajo su mandato. Cero soluciones reales para los j\u00f3venes y las familias que no pueden acceder a un alquiler o a una compra\u201d, ha declarado.<\/p>\n\n\n\n<p>El portavoz popular ha recordado que muchas de las iniciativas que ahora se vuelven a plantear \u201cya fueron anunciadas hace m\u00e1s de dos a\u00f1os y nunca se ejecutaron\u201d, citando como ejemplo la transformaci\u00f3n de locales en viviendas, la densificaci\u00f3n urbana o la movilizaci\u00f3n de suelo. \u201cSe anunciaron a bombo y platillo y se quedaron en titulares. No hubo gesti\u00f3n, no hubo plazos y no hubo resultados\u201d, ha subrayado.<\/p>\n\n\n\n<p>Asimismo, Soler ha criticado la negativa del alcalde a adherirse al <strong>Plan Vive<\/strong>, que permitir\u00eda, seg\u00fan el PP, incrementar de manera inmediata la oferta de vivienda. \u201cMientras otras ciudades aprovechan el Plan Vive para construir vivienda asequible, Prieto prefiere la confrontaci\u00f3n pol\u00edtica antes que colaborar con otras administraciones. Esa decisi\u00f3n la pagan directamente nuestros vecinos\u201d, ha se\u00f1alado.<\/p>\n\n\n\n<p>Para el portavoz del PP, el patr\u00f3n de actuaci\u00f3n del gobierno local es \u201canuncios sin ejecuci\u00f3n y medidas sin impacto real\u201d. En este sentido, ha insistido en que Gandia necesita un cambio de rumbo basado en un <strong>plan integral de vivienda<\/strong>, con plazos y presupuesto, colaboraci\u00f3n institucional real, ejecuci\u00f3n efectiva de las medidas ya anunciadas, movilizaci\u00f3n de suelo p\u00fablico para vivienda asequible e incentivos para aumentar la oferta de alquiler.<\/p>\n\n\n\n<p>\u201cLa vivienda no se soluciona con esl\u00f3ganes ni con medidas improvisadas. Se soluciona con gesti\u00f3n, trabajo y colaboraci\u00f3n, justo lo que ha faltado durante estos ocho a\u00f1os de gobierno de Prieto\u201d, ha concluido Soler, quien ha a\u00f1adido que \u201ccada nuevo anuncio sin resultados es una falta de respeto a quienes esperan una oportunidad para poder vivir en su propia ciudad\u201d.<\/p>\n","protected":false},"excerpt":{"rendered":"<p>El portavoz del Grupo Municipal Popular, V\u00edctor Soler, ha denunciado hoy la \u201cfalta absoluta de gesti\u00f3n\u201d del alcalde de Gandia, Jos\u00e9 Manuel Prieto, en materia de vivienda, asegurando que \u201ctras ocho a\u00f1os en el gobierno municipal seguimos exactamente igual: sin una sola vivienda nueva impulsada por su equipo y con los mismos problemas, pero m\u00e1s&#8230;<\/p>\n","protected":false},"author":1,"featured_media":7972,"comment_status":"open","ping_status":"open","sticky":false,"template":"","format":"standard","meta":{"footnotes":""},"categories":[1,27],"tags":[],"class_list":["post-8017","post","type-post","status-publish","format-standard","has-post-thumbnail","hentry","category-actualidad","category-sociedad"],"_links":{"self":[{"href":"https:\/\/infogandia.es\/index.php\/wp-json\/wp\/v2\/posts\/8017","targetHints":{"allow":["GET"]}}],"collection":[{"href":"https:\/\/infogandia.es\/index.php\/wp-json\/wp\/v2\/posts"}],"about":[{"href":"https:\/\/infogandia.es\/index.php\/wp-json\/wp\/v2\/types\/post"}],"author":[{"embeddable":true,"href":"https:\/\/infogandia.es\/index.php\/wp-json\/wp\/v2\/users\/1"}],"replies":[{"embeddable":true,"href":"https:\/\/infogandia.es\/index.php\/wp-json\/wp\/v2\/comments?post=8017"}],"version-history":[{"count":1,"href":"https:\/\/infogandia.es\/index.php\/wp-json\/wp\/v2\/posts\/8017\/revisions"}],"predecessor-version":[{"id":8018,"href":"https:\/\/infogandia.es\/index.php\/wp-json\/wp\/v2\/posts\/8017\/revisions\/8018"}],"wp:featuredmedia":[{"embeddable":true,"href":"https:\/\/infogandia.es\/index.php\/wp-json\/wp\/v2\/media\/7972"}],"wp:attachment":[{"href":"https:\/\/infogandia.es\/index.php\/wp-json\/wp\/v2\/media?parent=8017"}],"wp:term":[{"taxonomy":"category","embeddable":true,"href":"https:\/\/infogandia.es\/index.php\/wp-json\/wp\/v2\/categories?post=8017"},{"taxonomy":"post_tag","embeddable":true,"href":"https:\/\/infogandia.es\/index.php\/wp-json\/wp\/v2\/tags?post=8017"}],"curies":[{"name":"wp","href":"https:\/\/api.w.org\/{rel}","templated":true}]}}