{"id":8020,"date":"2026-01-26T11:05:26","date_gmt":"2026-01-26T11:05:26","guid":{"rendered":"https:\/\/infogandia.es\/?p=8020"},"modified":"2026-01-29T11:26:22","modified_gmt":"2026-01-29T11:26:22","slug":"xeraco-conquista-fitur-con-el-aroma-del-cremaet-y-la-fuerza-de-sus-chiringuitos","status":"publish","type":"post","link":"https:\/\/infogandia.es\/index.php\/2026\/01\/26\/xeraco-conquista-fitur-con-el-aroma-del-cremaet-y-la-fuerza-de-sus-chiringuitos\/","title":{"rendered":"Xeraco conquista FITUR con el aroma del cremaet y la fuerza de sus chiringuitos"},"content":{"rendered":"\n<p><strong>Tradici\u00f3n, gastronom\u00eda y Mediterr\u00e1neo se dan la mano en la presentaci\u00f3n de Xeraco en la feria internacional de turismo<\/strong><\/p>\n\n\n\n<p>Xeraco ha vuelto a dejar huella en FITUR llevando a Madrid su esencia m\u00e1s aut\u00e9ntica: el sabor de su gastronom\u00eda, la tradici\u00f3n del cremaet y el atractivo \u00fanico de sus chiringuitos a pie de mar. La delegaci\u00f3n municipal, encabezada por el alcalde Avelino Mascarell, ha presentado la oferta tur\u00edstica del municipio \u201ccon toda la ilusi\u00f3n del mundo\u201d y con un mensaje claro: Xeraco es mucho m\u00e1s que sol y playa.<\/p>\n\n\n\n<figure class=\"wp-block-embed is-type-video is-provider-youtube wp-block-embed-youtube wp-embed-aspect-16-9 wp-has-aspect-ratio\"><div class=\"wp-block-embed__wrapper\">\n<iframe title=\"FITUR XERACO 2026\" width=\"640\" height=\"360\" src=\"https:\/\/www.youtube.com\/embed\/0oTyACgiq2U?feature=oembed\" frameborder=\"0\" allow=\"accelerometer; autoplay; clipboard-write; encrypted-media; gyroscope; picture-in-picture; web-share\" referrerpolicy=\"strict-origin-when-cross-origin\" allowfullscreen><\/iframe>\n<\/div><\/figure>\n\n\n\n<p>Uno de los momentos m\u00e1s destacados ha sido el <strong>showcooking de cremaet<\/strong>, a cargo del restaurante El Cam\u00ed, que ha convertido el almuerzo en todo un ritual para el p\u00fablico asistente. \u201cSiempre nos hace ilusi\u00f3n empezar la jornada con un buen almuerzo. Ya es todo un ritual\u201d, han se\u00f1alado desde la organizaci\u00f3n.<br>Este a\u00f1o, adem\u00e1s, Xeraco ha dado un paso m\u00e1s en su apuesta gastron\u00f3mica incorporando una dulce novedad: la <strong>hist\u00f3rica coca de Arnau Busquets<\/strong>, elaborada por la gente mayor del pueblo, poniendo en valor la memoria culinaria y el recetario tradicional.<\/p>\n\n\n\n<p>El gran eje de la presentaci\u00f3n ha sido la promoci\u00f3n de los <strong>seis chiringuitos de la playa de Xeraco<\/strong> \u2014Aloha, Boreal, Arena, Bamb\u00fa, Malib\u00fa y Sol i Lluna\u2014, aut\u00e9nticos iconos del verano que combinan gastronom\u00eda, relax, m\u00fasica en directo, fiestas y actividades especiales.<\/p>\n\n\n\n<p>Situados a escasos metros del agua, estos espacios ofrecen experiencias diferentes en un entorno privilegiado de <strong>m\u00e1s de tres kil\u00f3metros de arena y m\u00e1s de tres kil\u00f3metros de cord\u00f3n dunar<\/strong>.<\/p>\n\n\n\n<p>\u201cNuestros chiringuitos son un elemento ic\u00f3nico de Xeraco y una de las razones por las que nuestro litoral es tan especial. Llevarlos a FITUR permite mostrar al mundo todo lo que nos hace \u00fanicos: playa, gastronom\u00eda y un entorno natural incomparable\u201d, ha destacado el alcalde.<\/p>\n\n\n\n<p>Por su parte, la concejal de Turismo, M\u00aa Jos\u00e9 Castell\u00f3, ha subrayado que el objetivo es mostrar \u201cmomentos de relax, buena comida y experiencias \u00fanicas a orillas del mar. Son una muestra de nuestra manera de disfrutar la playa y nuestra cultura de ocio\u201d.<\/p>\n\n\n\n<figure class=\"wp-block-embed is-type-video is-provider-youtube wp-block-embed-youtube wp-embed-aspect-16-9 wp-has-aspect-ratio\"><div class=\"wp-block-embed__wrapper\">\n<iframe title=\"XERACO FITUR | Una playa \u00fanica y seis formas de vivir el verano\" width=\"640\" height=\"360\" src=\"https:\/\/www.youtube.com\/embed\/JRwt3BowVHU?feature=oembed\" frameborder=\"0\" allow=\"accelerometer; autoplay; clipboard-write; encrypted-media; gyroscope; picture-in-picture; web-share\" referrerpolicy=\"strict-origin-when-cross-origin\" allowfullscreen><\/iframe>\n<\/div><\/figure>\n\n\n\n<p>Otro de los grandes reclamos presentados ha sido el <strong>Fiescrem<\/strong>, la fiesta del \u2018esmorzaret\u2019 y del cremaet, que este a\u00f1o celebrar\u00e1 su quinta edici\u00f3n. Nacido tras la pandemia para apoyar a la hosteler\u00eda local, el evento se celebra durante el puente de mayo y combina almuerzos populares con un concurso de cremaet que aspira a reunir a los mejores hosteleros de la Comunitat Valenciana.<\/p>\n\n\n\n<p>\u201cXeraco no invent\u00f3 el cremaet, pero s\u00ed que somos los que lo hemos puesto en valor\u201d, ha afirmado Mascarell, destacando que el \u00e9xito de la iniciativa ha llevado a que otros municipios comiencen a replicarla.<\/p>\n\n\n\n<figure class=\"wp-block-embed is-type-video is-provider-youtube wp-block-embed-youtube wp-embed-aspect-16-9 wp-has-aspect-ratio\"><div class=\"wp-block-embed__wrapper\">\n<iframe title=\"Xeraco conquista FITUR con el aroma del cremaet\" width=\"640\" height=\"360\" src=\"https:\/\/www.youtube.com\/embed\/YKU-W4f59oE?feature=oembed\" frameborder=\"0\" allow=\"accelerometer; autoplay; clipboard-write; encrypted-media; gyroscope; picture-in-picture; web-share\" referrerpolicy=\"strict-origin-when-cross-origin\" allowfullscreen><\/iframe>\n<\/div><\/figure>\n\n\n\n<p>El alcalde ha reivindicado Xeraco como <strong>una playa familiar, valenciana y sin aglomeraciones<\/strong>, donde no hace falta madrugar para encontrar sitio y donde a\u00fan es posible disfrutar de cenas a la fresca, terrazas junto al mar y un ambiente tranquilo.<\/p>\n\n\n\n<p>\u201cXeraco es una playa consolidada y con mucho que ofrecer. Estamos muy orgullosos de lo que somos, de lo que representamos y de lo que tenemos\u201d, ha remarcado.<\/p>\n\n\n\n<p>Con visitantes principalmente de la Comunitat Valenciana, pero tambi\u00e9n de Madrid y Toledo, Xeraco se presenta como un destino completo que combina <strong>mar, monta\u00f1a y marjal<\/strong>, tradici\u00f3n y modernidad, gastronom\u00eda y naturaleza.<\/p>\n\n\n\n<p>En FITUR, Xeraco no solo ha mostrado su oferta tur\u00edstica: ha compartido su manera de vivir el Mediterr\u00e1neo. Y lo ha hecho, como no pod\u00eda ser de otra forma, con un cremaet en la mano.<\/p>\n\n\n\n<p><\/p>\n\n\n\n<p><\/p>\n","protected":false},"excerpt":{"rendered":"<p>Tradici\u00f3n, gastronom\u00eda y Mediterr\u00e1neo se dan la mano en la presentaci\u00f3n de Xeraco en la feria internacional de turismo Xeraco ha vuelto a dejar huella en FITUR llevando a Madrid su esencia m\u00e1s aut\u00e9ntica: el sabor de su gastronom\u00eda, la tradici\u00f3n del cremaet y el atractivo \u00fanico de sus chiringuitos a pie de mar. La&#8230;<\/p>\n","protected":false},"author":1,"featured_media":8021,"comment_status":"open","ping_status":"open","sticky":false,"template":"","format":"standard","meta":{"footnotes":""},"categories":[1,27,57],"tags":[],"class_list":["post-8020","post","type-post","status-publish","format-standard","has-post-thumbnail","hentry","category-actualidad","category-sociedad","category-turismo"],"_links":{"self":[{"href":"https:\/\/infogandia.es\/index.php\/wp-json\/wp\/v2\/posts\/8020","targetHints":{"allow":["GET"]}}],"collection":[{"href":"https:\/\/infogandia.es\/index.php\/wp-json\/wp\/v2\/posts"}],"about":[{"href":"https:\/\/infogandia.es\/index.php\/wp-json\/wp\/v2\/types\/post"}],"author":[{"embeddable":true,"href":"https:\/\/infogandia.es\/index.php\/wp-json\/wp\/v2\/users\/1"}],"replies":[{"embeddable":true,"href":"https:\/\/infogandia.es\/index.php\/wp-json\/wp\/v2\/comments?post=8020"}],"version-history":[{"count":2,"href":"https:\/\/infogandia.es\/index.php\/wp-json\/wp\/v2\/posts\/8020\/revisions"}],"predecessor-version":[{"id":8023,"href":"https:\/\/infogandia.es\/index.php\/wp-json\/wp\/v2\/posts\/8020\/revisions\/8023"}],"wp:featuredmedia":[{"embeddable":true,"href":"https:\/\/infogandia.es\/index.php\/wp-json\/wp\/v2\/media\/8021"}],"wp:attachment":[{"href":"https:\/\/infogandia.es\/index.php\/wp-json\/wp\/v2\/media?parent=8020"}],"wp:term":[{"taxonomy":"category","embeddable":true,"href":"https:\/\/infogandia.es\/index.php\/wp-json\/wp\/v2\/categories?post=8020"},{"taxonomy":"post_tag","embeddable":true,"href":"https:\/\/infogandia.es\/index.php\/wp-json\/wp\/v2\/tags?post=8020"}],"curies":[{"name":"wp","href":"https:\/\/api.w.org\/{rel}","templated":true}]}}