{"id":8024,"date":"2026-01-29T12:08:59","date_gmt":"2026-01-29T12:08:59","guid":{"rendered":"https:\/\/infogandia.es\/?p=8024"},"modified":"2026-01-29T12:08:59","modified_gmt":"2026-01-29T12:08:59","slug":"el-pp-denuncia-la-okupacion-de-viviendas-municipales-en-la-calle-ciscar-y-acusa-al-gobierno-local-de-ocultar-el-problema","status":"publish","type":"post","link":"https:\/\/infogandia.es\/index.php\/2026\/01\/29\/el-pp-denuncia-la-okupacion-de-viviendas-municipales-en-la-calle-ciscar-y-acusa-al-gobierno-local-de-ocultar-el-problema\/","title":{"rendered":"El PP denuncia la okupaci\u00f3n de viviendas municipales en la calle C\u00edscar y acusa al gobierno local de ocultar el problema"},"content":{"rendered":"\n<p>El Grupo Municipal Popular ha sacado a la luz una situaci\u00f3n de okupaci\u00f3n y problemas de convivencia en un edificio de titularidad municipal situado en la calle C\u00edscar, denunciando la falta de actuaci\u00f3n del gobierno socialista y el desamparo que, aseguran, llevan a\u00f1os sufriendo los vecinos de la zona.<\/p>\n\n\n\n<p>El portavoz del PP en el Ayuntamiento de Gandia, V\u00edctor Soler, ha afirmado que su grupo ha denunciado esta problem\u00e1tica en repetidas ocasiones, tanto en juntas de distrito como en comisiones municipales, sin que el ejecutivo local haya tomado medidas. Seg\u00fan Soler, el gobierno encabezado por Jos\u00e9 Manuel Prieto ha intentado minimizar durante a\u00f1os un problema real que afecta directamente a los residentes del edificio.<\/p>\n\n\n\n<p>Por su parte, la concejala popular responsable del \u00e1rea de Vivienda y del Grau de Gandia, Aina Borred\u00e0, ha criticado que el gobierno socialista haya negado reiteradamente la existencia de okupaci\u00f3n en el inmueble. Seg\u00fan ha explicado, la respuesta oficial siempre fue que se trataba de un edificio de alquiler social con un bajo nivel de impagos y sin indicios de ocupaciones ilegales, lo que gener\u00f3 una gran frustraci\u00f3n entre los vecinos. \u201cSe estaba normalizando una situaci\u00f3n que no lo era\u201d, ha se\u00f1alado Borred\u00e0, quien ha asegurado que el PP ha seguido insistiendo hasta demostrar que el problema existe y debe abordarse.<\/p>\n\n\n\n<figure class=\"wp-block-image size-large\"><img fetchpriority=\"high\" decoding=\"async\" width=\"1024\" height=\"707\" src=\"http:\/\/infogandia.es\/wp-content\/uploads\/2026\/01\/AO_9049-copia-1024x707.jpg\" alt=\"\" class=\"wp-image-8025\" srcset=\"https:\/\/infogandia.es\/wp-content\/uploads\/2026\/01\/AO_9049-copia-1024x707.jpg 1024w, https:\/\/infogandia.es\/wp-content\/uploads\/2026\/01\/AO_9049-copia-300x207.jpg 300w, https:\/\/infogandia.es\/wp-content\/uploads\/2026\/01\/AO_9049-copia-768x530.jpg 768w, https:\/\/infogandia.es\/wp-content\/uploads\/2026\/01\/AO_9049-copia-1536x1061.jpg 1536w, https:\/\/infogandia.es\/wp-content\/uploads\/2026\/01\/AO_9049-copia.jpg 1772w\" sizes=\"(max-width: 1024px) 100vw, 1024px\" \/><\/figure>\n\n\n\n<p>Tras solicitar de forma reiterada documentaci\u00f3n al Ayuntamiento, el Grupo Popular ha podido comprobar que, de las 15 viviendas que componen el edificio, al menos tres se encuentran okupadas. Adem\u00e1s, una de ellas permanece tapiada desde el pasado 31 de octubre, con el consiguiente riesgo de que vuelva a ser ocupada.<\/p>\n\n\n\n<p>Soler ha acusado al alcalde y a la concejala responsable del \u00e1rea de haber ocultado esta situaci\u00f3n, favoreciendo \u2014seg\u00fan sus palabras\u2014 la okupaci\u00f3n de viviendas municipales y privando de estos recursos a personas que realmente los necesitan, adem\u00e1s de generar graves problemas de convivencia.<\/p>\n\n\n\n<p>En este sentido, Borred\u00e0 ha destacado que el conflicto no se limita a la okupaci\u00f3n en s\u00ed, sino a las conductas inc\u00edvicas que, seg\u00fan afirma, est\u00e1n sufriendo los vecinos: suciedad, faltas de respeto y situaciones que afectan a su vida diaria. A su juicio, la falta de medidas por parte del gobierno local ha supuesto una \u201cblanqueo\u201d de este tipo de comportamientos.<\/p>\n\n\n\n<p>Ante esta situaci\u00f3n, el PP ha solicitado un refuerzo policial en la zona para garantizar la seguridad y el bienestar de los residentes. Asimismo, Soler ha relacionado el problema con la escasez de vivienda en la ciudad, calificando de irresponsable que existan pisos municipales okupados cuando hay una gran demanda habitacional. \u201cCada vivienda cuenta y el Ayuntamiento debe actuar dentro de sus competencias para recuperarlas\u201d, ha subrayado.<\/p>\n\n\n\n<p>Finalmente, desde el Grupo Municipal Popular exigen una actuaci\u00f3n inmediata del Ayuntamiento para regularizar la situaci\u00f3n del edificio y restablecer cuanto antes la convivencia y el bienestar de los vecinos de la calle C\u00edscar.<\/p>\n","protected":false},"excerpt":{"rendered":"<p>El Grupo Municipal Popular ha sacado a la luz una situaci\u00f3n de okupaci\u00f3n y problemas de convivencia en un edificio de titularidad municipal situado en la calle C\u00edscar, denunciando la falta de actuaci\u00f3n del gobierno socialista y el desamparo que, aseguran, llevan a\u00f1os sufriendo los vecinos de la zona. El portavoz del PP en el&#8230;<\/p>\n","protected":false},"author":1,"featured_media":8026,"comment_status":"open","ping_status":"open","sticky":false,"template":"","format":"standard","meta":{"footnotes":""},"categories":[1,27],"tags":[],"class_list":["post-8024","post","type-post","status-publish","format-standard","has-post-thumbnail","hentry","category-actualidad","category-sociedad"],"_links":{"self":[{"href":"https:\/\/infogandia.es\/index.php\/wp-json\/wp\/v2\/posts\/8024","targetHints":{"allow":["GET"]}}],"collection":[{"href":"https:\/\/infogandia.es\/index.php\/wp-json\/wp\/v2\/posts"}],"about":[{"href":"https:\/\/infogandia.es\/index.php\/wp-json\/wp\/v2\/types\/post"}],"author":[{"embeddable":true,"href":"https:\/\/infogandia.es\/index.php\/wp-json\/wp\/v2\/users\/1"}],"replies":[{"embeddable":true,"href":"https:\/\/infogandia.es\/index.php\/wp-json\/wp\/v2\/comments?post=8024"}],"version-history":[{"count":1,"href":"https:\/\/infogandia.es\/index.php\/wp-json\/wp\/v2\/posts\/8024\/revisions"}],"predecessor-version":[{"id":8027,"href":"https:\/\/infogandia.es\/index.php\/wp-json\/wp\/v2\/posts\/8024\/revisions\/8027"}],"wp:featuredmedia":[{"embeddable":true,"href":"https:\/\/infogandia.es\/index.php\/wp-json\/wp\/v2\/media\/8026"}],"wp:attachment":[{"href":"https:\/\/infogandia.es\/index.php\/wp-json\/wp\/v2\/media?parent=8024"}],"wp:term":[{"taxonomy":"category","embeddable":true,"href":"https:\/\/infogandia.es\/index.php\/wp-json\/wp\/v2\/categories?post=8024"},{"taxonomy":"post_tag","embeddable":true,"href":"https:\/\/infogandia.es\/index.php\/wp-json\/wp\/v2\/tags?post=8024"}],"curies":[{"name":"wp","href":"https:\/\/api.w.org\/{rel}","templated":true}]}}