{"id":8028,"date":"2026-01-29T12:11:03","date_gmt":"2026-01-29T12:11:03","guid":{"rendered":"https:\/\/infogandia.es\/?p=8028"},"modified":"2026-01-29T12:11:03","modified_gmt":"2026-01-29T12:11:03","slug":"gandia-registra-rachas-de-viento-de-mas-de-101-km-h-durante-la-jornada-de-ayer","status":"publish","type":"post","link":"https:\/\/infogandia.es\/index.php\/2026\/01\/29\/gandia-registra-rachas-de-viento-de-mas-de-101-km-h-durante-la-jornada-de-ayer\/","title":{"rendered":"Gandia registra rachas de viento de m\u00e1s de 101 km\/h durante la jornada de ayer"},"content":{"rendered":"\n<p>La ciudad de Gandia vivi\u00f3 ayer un episodio de fuertes vientos que super\u00f3 ampliamente las previsiones iniciales, con rachas que alcanzaron los 101 km\/h, seg\u00fan los datos registrados por AVAMET. A pesar de que tanto el Centro de Coordinaci\u00f3n de Emergencias de la Generalitat Valenciana como la AEMET hab\u00edan activado la alerta amarilla, la intensidad del viento fue muy superior a la esperada.<\/p>\n\n\n\n<p>As\u00ed lo ha explicado esta ma\u00f1ana la concejala delegada de Protecci\u00f3n, Seguridad y Convivencia, Lydia Morant, quien ha informado del dispositivo especial activado durante la jornada de ayer y de las actuaciones llevadas a cabo por la Polic\u00eda Local, as\u00ed como por los departamentos de Servicios B\u00e1sicos y Parques y Jardines.<\/p>\n\n\n\n<p>Las rachas m\u00e1s intensas se registraron en la zona del Grau Sud, donde se alcanzaron los 101 km\/h, seguidas de los 92 km\/h en la ermita de Marxuquera y los 74 km\/h en el centro de la ciudad. Ante esta situaci\u00f3n imprevista, el Cecopal se reuni\u00f3 de urgencia ayer por la tarde y acord\u00f3 medidas extraordinarias, como el cierre preventivo de parques y jardines, el cementerio municipal, las instalaciones deportivas al aire libre y los patios de los centros escolares.<\/p>\n\n\n\n<figure class=\"wp-block-image size-full\"><img fetchpriority=\"high\" decoding=\"async\" width=\"728\" height=\"702\" src=\"http:\/\/infogandia.es\/wp-content\/uploads\/2026\/01\/2.png\" alt=\"\" class=\"wp-image-8030\" srcset=\"https:\/\/infogandia.es\/wp-content\/uploads\/2026\/01\/2.png 728w, https:\/\/infogandia.es\/wp-content\/uploads\/2026\/01\/2-300x289.png 300w\" sizes=\"(max-width: 728px) 100vw, 728px\" \/><\/figure>\n\n\n\n<p>Seg\u00fan ha informado Morant, todas estas restricciones han sido levantadas esta misma ma\u00f1ana, por lo que la ciudadan\u00eda puede volver a acceder a estos espacios, aunque se recomienda hacerlo con precauci\u00f3n.<\/p>\n\n\n\n<p>Durante el episodio de viento, la Polic\u00eda Local atendi\u00f3 m\u00e1s de 50 incidencias, principalmente relacionadas con elementos desplazados o desprendidos por las fuertes rachas, sin que se hayan registrado da\u00f1os personales. Entre las actuaciones m\u00e1s habituales se encuentran la retirada o aseguramiento de chapas, planchas met\u00e1licas, vallas de obra, persianas, carteles publicitarios y cubiertas de edificios que presentaban riesgo de ca\u00edda, en muchos casos con la colaboraci\u00f3n de los bomberos.<\/p>\n\n\n\n<p>Asimismo, se produjeron desplazamientos y vuelcos de contenedores de residuos, as\u00ed como intervenciones en se\u00f1ales de tr\u00e1fico, postes met\u00e1licos, antenas y banderas ca\u00eddas o en riesgo de caer. El viento tambi\u00e9n provoc\u00f3 la ca\u00edda de ramas y \u00e1rboles, algunos de ellos sobre veh\u00edculos, calzadas, zonas infantiles o tendidos el\u00e9ctricos, que fueron retirados por la Polic\u00eda Local y las brigadas de jardiner\u00eda y forestales.<\/p>\n\n\n\n<p>\u201cLa prioridad ha sido garantizar la seguridad ciudadana, retirar obst\u00e1culos de la v\u00eda p\u00fablica, prevenir accidentes y coordinar los trabajos con los distintos servicios municipales, bomberos y empresas de mantenimiento y limpieza\u201d, ha se\u00f1alado la concejala.<\/p>\n\n\n\n<p>De forma paralela, seis brigadas de la empresa concesionaria del servicio de recogida de residuos y limpieza, junto con veh\u00edculos auxiliares, fueron movilizadas para reparar los desperfectos ocasionados por el temporal.<\/p>\n\n\n\n<p>Desde el Ayuntamiento de Gandia se recuerda que para hoy y ma\u00f1ana contin\u00faan activos los avisos de nivel amarillo por viento, por lo que se recomienda extremar las precauciones y mantenerse informado a trav\u00e9s de los canales oficiales. En caso de incidencia, se recuerda a la ciudadan\u00eda que puede contactar con el 112 o con la Polic\u00eda Local a trav\u00e9s de los tel\u00e9fonos 962 87 88 00 o 092.<\/p>\n","protected":false},"excerpt":{"rendered":"<p>La ciudad de Gandia vivi\u00f3 ayer un episodio de fuertes vientos que super\u00f3 ampliamente las previsiones iniciales, con rachas que alcanzaron los 101 km\/h, seg\u00fan los datos registrados por AVAMET. A pesar de que tanto el Centro de Coordinaci\u00f3n de Emergencias de la Generalitat Valenciana como la AEMET hab\u00edan activado la alerta amarilla, la intensidad&#8230;<\/p>\n","protected":false},"author":1,"featured_media":8029,"comment_status":"open","ping_status":"open","sticky":false,"template":"","format":"standard","meta":{"footnotes":""},"categories":[1],"tags":[],"class_list":["post-8028","post","type-post","status-publish","format-standard","has-post-thumbnail","hentry","category-actualidad"],"_links":{"self":[{"href":"https:\/\/infogandia.es\/index.php\/wp-json\/wp\/v2\/posts\/8028","targetHints":{"allow":["GET"]}}],"collection":[{"href":"https:\/\/infogandia.es\/index.php\/wp-json\/wp\/v2\/posts"}],"about":[{"href":"https:\/\/infogandia.es\/index.php\/wp-json\/wp\/v2\/types\/post"}],"author":[{"embeddable":true,"href":"https:\/\/infogandia.es\/index.php\/wp-json\/wp\/v2\/users\/1"}],"replies":[{"embeddable":true,"href":"https:\/\/infogandia.es\/index.php\/wp-json\/wp\/v2\/comments?post=8028"}],"version-history":[{"count":1,"href":"https:\/\/infogandia.es\/index.php\/wp-json\/wp\/v2\/posts\/8028\/revisions"}],"predecessor-version":[{"id":8031,"href":"https:\/\/infogandia.es\/index.php\/wp-json\/wp\/v2\/posts\/8028\/revisions\/8031"}],"wp:featuredmedia":[{"embeddable":true,"href":"https:\/\/infogandia.es\/index.php\/wp-json\/wp\/v2\/media\/8029"}],"wp:attachment":[{"href":"https:\/\/infogandia.es\/index.php\/wp-json\/wp\/v2\/media?parent=8028"}],"wp:term":[{"taxonomy":"category","embeddable":true,"href":"https:\/\/infogandia.es\/index.php\/wp-json\/wp\/v2\/categories?post=8028"},{"taxonomy":"post_tag","embeddable":true,"href":"https:\/\/infogandia.es\/index.php\/wp-json\/wp\/v2\/tags?post=8028"}],"curies":[{"name":"wp","href":"https:\/\/api.w.org\/{rel}","templated":true}]}}