{"id":8032,"date":"2026-01-29T12:12:04","date_gmt":"2026-01-29T12:12:04","guid":{"rendered":"https:\/\/infogandia.es\/?p=8032"},"modified":"2026-01-29T12:12:04","modified_gmt":"2026-01-29T12:12:04","slug":"el-pp-critica-la-tardanza-del-gobierno-de-prieto-en-convocar-el-cecopal-durante-la-alerta-naranja","status":"publish","type":"post","link":"https:\/\/infogandia.es\/index.php\/2026\/01\/29\/el-pp-critica-la-tardanza-del-gobierno-de-prieto-en-convocar-el-cecopal-durante-la-alerta-naranja\/","title":{"rendered":"El PP critica la tardanza del gobierno de Prieto en convocar el CECOPAL durante la alerta naranja"},"content":{"rendered":"\n<p>El Grupo Municipal del Partido Popular ha reprochado al gobierno socialista de Gandia la demora en la convocatoria del Centro de Coordinaci\u00f3n Operativa Municipal (CECOPAL) ante la alerta naranja por fen\u00f3menos costeros decretada por la AEMET el pasado domingo.<\/p>\n\n\n\n<p>Seg\u00fan ha se\u00f1alado el portavoz popular, V\u00edctor Soler, pese a que la ciudad se encontraba en nivel de alerta naranja, no constaba por ning\u00fan canal oficial que el alcalde Jos\u00e9 Manuel Prieto hubiera activado el CECOPAL, a pesar de que ya se estaban produciendo numerosas incidencias de gravedad provocadas por el fuerte viento.<\/p>\n\n\n\n<p>Soler ha mostrado su preocupaci\u00f3n por la tardanza en la toma de decisiones, asegurando que la reuni\u00f3n del CECOPAL se produjo demasiado tarde y \u00fanicamente tras la presi\u00f3n ejercida por el Partido Popular. A su juicio, esta situaci\u00f3n evidencia una falta de previsi\u00f3n y de capacidad de gesti\u00f3n por parte del equipo de gobierno.<\/p>\n\n\n\n<p>El portavoz popular ha sido especialmente cr\u00edtico con la actitud del ejecutivo socialista, al que acusa de estar \u201cm\u00e1s centrado en la campa\u00f1a pol\u00edtica que en la gesti\u00f3n diaria de la ciudad\u201d. En este sentido, ha afirmado que esta falta de diligencia dej\u00f3 desprotegidos a los vecinos de Gandia durante varias horas, al retrasarse la adopci\u00f3n de medidas preventivas ante el temporal.<\/p>\n\n\n\n<p>Finalmente, Soler ha asegurado que desde el Partido Popular se ofreci\u00f3 colaboraci\u00f3n al gobierno municipal para afrontar cualquier eventualidad, poniendo por delante la seguridad y el bienestar de la ciudadan\u00eda. No obstante, ha lamentado que, en su opini\u00f3n, el gobierno local est\u00e9 \u201cpendiente de cuestiones anecd\u00f3ticas\u201d en lugar de centrarse en lo verdaderamente importante: garantizar la protecci\u00f3n de los vecinos y una correcta gesti\u00f3n de las emergencias.<\/p>\n","protected":false},"excerpt":{"rendered":"<p>El Grupo Municipal del Partido Popular ha reprochado al gobierno socialista de Gandia la demora en la convocatoria del Centro de Coordinaci\u00f3n Operativa Municipal (CECOPAL) ante la alerta naranja por fen\u00f3menos costeros decretada por la AEMET el pasado domingo. Seg\u00fan ha se\u00f1alado el portavoz popular, V\u00edctor Soler, pese a que la ciudad se encontraba en&#8230;<\/p>\n","protected":false},"author":1,"featured_media":7972,"comment_status":"open","ping_status":"open","sticky":false,"template":"","format":"standard","meta":{"footnotes":""},"categories":[1,27],"tags":[],"class_list":["post-8032","post","type-post","status-publish","format-standard","has-post-thumbnail","hentry","category-actualidad","category-sociedad"],"_links":{"self":[{"href":"https:\/\/infogandia.es\/index.php\/wp-json\/wp\/v2\/posts\/8032","targetHints":{"allow":["GET"]}}],"collection":[{"href":"https:\/\/infogandia.es\/index.php\/wp-json\/wp\/v2\/posts"}],"about":[{"href":"https:\/\/infogandia.es\/index.php\/wp-json\/wp\/v2\/types\/post"}],"author":[{"embeddable":true,"href":"https:\/\/infogandia.es\/index.php\/wp-json\/wp\/v2\/users\/1"}],"replies":[{"embeddable":true,"href":"https:\/\/infogandia.es\/index.php\/wp-json\/wp\/v2\/comments?post=8032"}],"version-history":[{"count":1,"href":"https:\/\/infogandia.es\/index.php\/wp-json\/wp\/v2\/posts\/8032\/revisions"}],"predecessor-version":[{"id":8033,"href":"https:\/\/infogandia.es\/index.php\/wp-json\/wp\/v2\/posts\/8032\/revisions\/8033"}],"wp:featuredmedia":[{"embeddable":true,"href":"https:\/\/infogandia.es\/index.php\/wp-json\/wp\/v2\/media\/7972"}],"wp:attachment":[{"href":"https:\/\/infogandia.es\/index.php\/wp-json\/wp\/v2\/media?parent=8032"}],"wp:term":[{"taxonomy":"category","embeddable":true,"href":"https:\/\/infogandia.es\/index.php\/wp-json\/wp\/v2\/categories?post=8032"},{"taxonomy":"post_tag","embeddable":true,"href":"https:\/\/infogandia.es\/index.php\/wp-json\/wp\/v2\/tags?post=8032"}],"curies":[{"name":"wp","href":"https:\/\/api.w.org\/{rel}","templated":true}]}}