{"id":8037,"date":"2026-01-30T10:53:29","date_gmt":"2026-01-30T10:53:29","guid":{"rendered":"https:\/\/infogandia.es\/?p=8037"},"modified":"2026-01-30T10:53:29","modified_gmt":"2026-01-30T10:53:29","slug":"begona-martinez-participara-en-parlem-de-gandia-como-referente-del-emprendimiento-local","status":"publish","type":"post","link":"https:\/\/infogandia.es\/index.php\/2026\/01\/30\/begona-martinez-participara-en-parlem-de-gandia-como-referente-del-emprendimiento-local\/","title":{"rendered":"Bego\u00f1a Mart\u00ednez participar\u00e1 en \u201cParlem de Gandia\u201d como referente del emprendimiento local"},"content":{"rendered":"\n<p>El podcast <em>Parlem de Gandia<\/em>, conducido por el portavoz del Grupo Municipal Popular, <strong>V\u00edctor Soler<\/strong>, contin\u00faa dando voz a personas que contribuyen activamente al desarrollo econ\u00f3mico, social y cultural de la ciudad. En su pr\u00f3ximo episodio contar\u00e1 con la participaci\u00f3n de <strong>Bego\u00f1a Mart\u00ednez Riera<\/strong>, joven empresaria gandiense y referente del emprendimiento local.<\/p>\n\n\n\n<p>Bego\u00f1a Mart\u00ednez es propietaria de la tienda de ropa y complementos <strong>Mumbai<\/strong>, impulsora del <strong>Mukend Fest<\/strong> y actualmente se encuentra inmersa en el lanzamiento de un nuevo proyecto empresarial: una <strong>innovadora sala de barre<\/strong>, que se encuentra todav\u00eda en fase de desarrollo. Su trayectoria refleja un perfil emprendedor marcado por la creatividad, la constancia y la capacidad de generar iniciativas con impacto en la ciudad.<\/p>\n\n\n\n<p>V\u00edctor Soler ha destacado su figura como ejemplo de compromiso con Gandia, subrayando que \u201c<strong>Bego\u00f1a Mart\u00ednez es un claro ejemplo de empuje y compromiso con la ciudad. Empresaria, madre y emprendedora incansable, ha sabido convertir sus ideas en proyectos reales que aportan valor econ\u00f3mico, cultural y social a Gandia<\/strong>\u201d. En este sentido, ha remarcado que su historia es inspiradora por \u201cla valent\u00eda de reinventarse, de creer en las propias iniciativas y de asumir retos con determinaci\u00f3n\u201d.<\/p>\n\n\n\n<p>La participaci\u00f3n de Mart\u00ednez en <em>Parlem de Gandia<\/em> pone de relieve la importancia de <strong>dar visibilidad al talento local<\/strong> y a aquellas personas que, desde el \u00e1mbito privado, contribuyen al dinamismo econ\u00f3mico y cultural del municipio. Su experiencia representa un ejemplo especialmente relevante dentro del <strong>emprendimiento femenino<\/strong>, un \u00e1mbito en constante crecimiento y con un papel cada vez m\u00e1s destacado en la sociedad.<\/p>\n\n\n\n<p>Adem\u00e1s de repasar su recorrido profesional y la creaci\u00f3n del Mukend Fest, el episodio permitir\u00e1 conocer su visi\u00f3n sobre el emprendimiento, los retos a los que se enfrentan las personas emprendedoras y su vinculaci\u00f3n personal y profesional con Gandia.<\/p>\n\n\n\n<p>El episodio estar\u00e1 disponible <strong>hoy viernes 30 de enero, a partir de las 15:00 horas<\/strong>, en el <strong>canal de YouTube de V\u00edctor Soler Beneyto<\/strong>.<\/p>\n","protected":false},"excerpt":{"rendered":"<p>El podcast Parlem de Gandia, conducido por el portavoz del Grupo Municipal Popular, V\u00edctor Soler, contin\u00faa dando voz a personas que contribuyen activamente al desarrollo econ\u00f3mico, social y cultural de la ciudad. En su pr\u00f3ximo episodio contar\u00e1 con la participaci\u00f3n de Bego\u00f1a Mart\u00ednez Riera, joven empresaria gandiense y referente del emprendimiento local. Bego\u00f1a Mart\u00ednez es&#8230;<\/p>\n","protected":false},"author":1,"featured_media":8038,"comment_status":"open","ping_status":"open","sticky":false,"template":"","format":"standard","meta":{"footnotes":""},"categories":[1,27],"tags":[],"class_list":["post-8037","post","type-post","status-publish","format-standard","has-post-thumbnail","hentry","category-actualidad","category-sociedad"],"_links":{"self":[{"href":"https:\/\/infogandia.es\/index.php\/wp-json\/wp\/v2\/posts\/8037","targetHints":{"allow":["GET"]}}],"collection":[{"href":"https:\/\/infogandia.es\/index.php\/wp-json\/wp\/v2\/posts"}],"about":[{"href":"https:\/\/infogandia.es\/index.php\/wp-json\/wp\/v2\/types\/post"}],"author":[{"embeddable":true,"href":"https:\/\/infogandia.es\/index.php\/wp-json\/wp\/v2\/users\/1"}],"replies":[{"embeddable":true,"href":"https:\/\/infogandia.es\/index.php\/wp-json\/wp\/v2\/comments?post=8037"}],"version-history":[{"count":1,"href":"https:\/\/infogandia.es\/index.php\/wp-json\/wp\/v2\/posts\/8037\/revisions"}],"predecessor-version":[{"id":8039,"href":"https:\/\/infogandia.es\/index.php\/wp-json\/wp\/v2\/posts\/8037\/revisions\/8039"}],"wp:featuredmedia":[{"embeddable":true,"href":"https:\/\/infogandia.es\/index.php\/wp-json\/wp\/v2\/media\/8038"}],"wp:attachment":[{"href":"https:\/\/infogandia.es\/index.php\/wp-json\/wp\/v2\/media?parent=8037"}],"wp:term":[{"taxonomy":"category","embeddable":true,"href":"https:\/\/infogandia.es\/index.php\/wp-json\/wp\/v2\/categories?post=8037"},{"taxonomy":"post_tag","embeddable":true,"href":"https:\/\/infogandia.es\/index.php\/wp-json\/wp\/v2\/tags?post=8037"}],"curies":[{"name":"wp","href":"https:\/\/api.w.org\/{rel}","templated":true}]}}