{"id":8317,"date":"2026-03-03T19:22:08","date_gmt":"2026-03-03T19:22:08","guid":{"rendered":"https:\/\/infogandia.es\/?p=8317"},"modified":"2026-03-03T19:22:08","modified_gmt":"2026-03-03T19:22:08","slug":"sin-infraestructuras-activas-no-hay-liderazgo-el-pp-asegura-que-gandia-sigue-a-la-cola-en-turismo-de-congresos","status":"publish","type":"post","link":"https:\/\/infogandia.es\/index.php\/2026\/03\/03\/sin-infraestructuras-activas-no-hay-liderazgo-el-pp-asegura-que-gandia-sigue-a-la-cola-en-turismo-de-congresos\/","title":{"rendered":"Sin infraestructuras activas no hay liderazgo: el PP asegura que Gandia sigue a la cola en turismo de congresos"},"content":{"rendered":"\n<p>El portavoz del <strong>Grupo Municipal Popular de Gandia<\/strong>, <strong>V\u00edctor Soler<\/strong>, se ha pronunciado sobre la situaci\u00f3n del turismo de congresos en la ciudad, un segmento que considera estrat\u00e9gico para la desestacionalizaci\u00f3n y la dinamizaci\u00f3n econ\u00f3mica.<\/p>\n\n\n\n<p>Soler ha afirmado que, mientras destinos de caracter\u00edsticas similares han logrado consolidarse en el \u00e1mbito del turismo MICE (reuniones, incentivos, congresos y eventos), Gandia \u201csigue muy por detr\u00e1s en n\u00famero de congresos y capacidad real de atracci\u00f3n\u201d.<\/p>\n\n\n\n<p>Comparativa con otros destinos<\/p>\n\n\n\n<p>El dirigente popular ha se\u00f1alado que, en comparaci\u00f3n con otras ciudades de la Comunitat Valenciana, el posicionamiento de Gandia es \u201cm\u00e1s bien bajo\u201d. En este sentido, ha citado ejemplos como <strong>Castell\u00f3n de la Plana<\/strong>, que ha consolidado una agenda congresual estable gracias a la inversi\u00f3n continuada en infraestructuras y promoci\u00f3n; <strong>Elche<\/strong>, que ha potenciado espacios culturales y universitarios para atraer encuentros profesionales durante todo el a\u00f1o; o <strong>Benidorm<\/strong>, que ha desarrollado una estrategia espec\u00edfica para captar congresos fuera de la temporada alta.<\/p>\n\n\n\n<p>Frente a estos modelos, Soler acusa al gobierno socialista de falta de planificaci\u00f3n en materia de turismo de congresos y eventos. \u201cSi Gandia quisiera ser referente en este \u00e1mbito, lo primero que deber\u00eda hacer es presentar un calendario claro de eventos en FITUR en lugar de limitarse a acciones simb\u00f3licas\u201d, ha manifestado.<\/p>\n\n\n\n<p>Infraestructuras cerradas o infrautilizadas<\/p>\n\n\n\n<p>El portavoz popular ha puesto el foco en la situaci\u00f3n de equipamientos municipales, se\u00f1alando especialmente el <strong>Auditorio Baladre<\/strong>. \u201cGandia no puede aspirar a ser referente en turismo de congresos mientras mantiene infraestructuras cerradas o infrautilizadas. La falta de actividad en espacios estrat\u00e9gicos limita claramente nuestra capacidad para albergar eventos de gran formato\u201d, ha lamentado.<\/p>\n\n\n\n<p>Soler ha advertido que el cierre o la escasa dinamizaci\u00f3n de instalaciones p\u00fablicas transmite un mensaje negativo a organizadores y asociaciones profesionales. \u201cNo se puede hablar de liderazgo sin instalaciones operativas, sin incentivos claros y sin una estrategia definida\u201d, ha concluido, reclamando un plan integral que sit\u00fae a Gandia en una posici\u00f3n competitiva dentro del mercado congresual.<\/p>\n","protected":false},"excerpt":{"rendered":"<p>El portavoz del Grupo Municipal Popular de Gandia, V\u00edctor Soler, se ha pronunciado sobre la situaci\u00f3n del turismo de congresos en la ciudad, un segmento que considera estrat\u00e9gico para la desestacionalizaci\u00f3n y la dinamizaci\u00f3n econ\u00f3mica. Soler ha afirmado que, mientras destinos de caracter\u00edsticas similares han logrado consolidarse en el \u00e1mbito del turismo MICE (reuniones, incentivos,&#8230;<\/p>\n","protected":false},"author":1,"featured_media":8274,"comment_status":"open","ping_status":"open","sticky":false,"template":"","format":"standard","meta":{"footnotes":""},"categories":[1,3],"tags":[],"class_list":["post-8317","post","type-post","status-publish","format-standard","has-post-thumbnail","hentry","category-actualidad","category-politica"],"_links":{"self":[{"href":"https:\/\/infogandia.es\/index.php\/wp-json\/wp\/v2\/posts\/8317","targetHints":{"allow":["GET"]}}],"collection":[{"href":"https:\/\/infogandia.es\/index.php\/wp-json\/wp\/v2\/posts"}],"about":[{"href":"https:\/\/infogandia.es\/index.php\/wp-json\/wp\/v2\/types\/post"}],"author":[{"embeddable":true,"href":"https:\/\/infogandia.es\/index.php\/wp-json\/wp\/v2\/users\/1"}],"replies":[{"embeddable":true,"href":"https:\/\/infogandia.es\/index.php\/wp-json\/wp\/v2\/comments?post=8317"}],"version-history":[{"count":1,"href":"https:\/\/infogandia.es\/index.php\/wp-json\/wp\/v2\/posts\/8317\/revisions"}],"predecessor-version":[{"id":8318,"href":"https:\/\/infogandia.es\/index.php\/wp-json\/wp\/v2\/posts\/8317\/revisions\/8318"}],"wp:featuredmedia":[{"embeddable":true,"href":"https:\/\/infogandia.es\/index.php\/wp-json\/wp\/v2\/media\/8274"}],"wp:attachment":[{"href":"https:\/\/infogandia.es\/index.php\/wp-json\/wp\/v2\/media?parent=8317"}],"wp:term":[{"taxonomy":"category","embeddable":true,"href":"https:\/\/infogandia.es\/index.php\/wp-json\/wp\/v2\/categories?post=8317"},{"taxonomy":"post_tag","embeddable":true,"href":"https:\/\/infogandia.es\/index.php\/wp-json\/wp\/v2\/tags?post=8317"}],"curies":[{"name":"wp","href":"https:\/\/api.w.org\/{rel}","templated":true}]}}