{"id":8354,"date":"2026-03-09T17:11:56","date_gmt":"2026-03-09T17:11:56","guid":{"rendered":"https:\/\/infogandia.es\/?p=8354"},"modified":"2026-03-09T17:13:10","modified_gmt":"2026-03-09T17:13:10","slug":"profesionales-de-espurna-destacan-la-importancia-de-fomentar-la-autoestima-dentro-de-su-comunidad","status":"publish","type":"post","link":"https:\/\/infogandia.es\/index.php\/2026\/03\/09\/profesionales-de-espurna-destacan-la-importancia-de-fomentar-la-autoestima-dentro-de-su-comunidad\/","title":{"rendered":"PROFESIONALES DE ESPURNA DESTACAN LA IMPORTANCIA DE FOMENTAR LA AUTOESTIMA DENTRO DE SU COMUNIDAD"},"content":{"rendered":"\n<p data-wp-context---core-fit-text=\"core\/fit-text::{&quot;fontSize&quot;:&quot;&quot;}\" data-wp-init---core-fit-text=\"core\/fit-text::callbacks.init\" data-wp-interactive data-wp-style--font-size=\"core\/fit-text::context.fontSize\" class=\"has-fit-text\"><em>\u201cHacemos un mont\u00f3n de deporte porque pensamos que es una herramienta muy valiosa\u201d<\/em><br><\/p>\n\n\n\n<p class=\"has-text-align-left\">El programa de <strong>Comarcal Solidaria <\/strong>recibi\u00f3 una visita de dos componentes de <strong>La Fundaci\u00f3n Espurna<\/strong> de Gandia, especializadas en psicolog\u00eda y en la coordinaci\u00f3n de Viviendas Tuteladas para explicarnos c\u00f3mo se gestionan y realizan las actividades dentro de la fundaci\u00f3n.\u00a0<\/p>\n\n\n\n<figure class=\"wp-block-embed is-type-video is-provider-youtube wp-block-embed-youtube wp-embed-aspect-16-9 wp-has-aspect-ratio\"><div class=\"wp-block-embed__wrapper\">\n<iframe title=\"COMARCAL SOLIDARIA | Espurna (09-03-2026)\" width=\"640\" height=\"360\" src=\"https:\/\/www.youtube.com\/embed\/_3rE9ksjTWk?feature=oembed\" frameborder=\"0\" allow=\"accelerometer; autoplay; clipboard-write; encrypted-media; gyroscope; picture-in-picture; web-share\" referrerpolicy=\"strict-origin-when-cross-origin\" allowfullscreen><\/iframe>\n<\/div><\/figure>\n\n\n\n<p class=\"has-text-align-left\">La propia fundaci\u00f3n proporciona estas para que la comunidad tenga un hogar c\u00f3modo y seguro, donde tienen un educador de referencia y 24h de atenci\u00f3n continua para que no les falte ese toque de seguridad que les mantiene de forma independiente.&nbsp;<\/p>\n\n\n\n<p class=\"has-text-align-left\">Se da mucha importancia a darles oportunidad y confianza en hacer sus propias actividades y rutinas para generar esa autoestima y puedan ser autosuficientes, fomentando el apoyo por iguales.&nbsp;<\/p>\n\n\n\n<p class=\"has-text-align-left\"><em>\u201cPara nosotros es importante esa visibilidad, que los chicos vean esas capacidades que tienen\u201d <\/em>Menciona <strong>Joana <\/strong>Psic\u00f3loga de la Fundaci\u00f3n\u00a0<\/p>\n\n\n\n<figure class=\"wp-block-video\"><video height=\"1080\" style=\"aspect-ratio: 1920 \/ 1080;\" width=\"1920\" controls src=\"http:\/\/infogandia.es\/wp-content\/uploads\/2026\/03\/PILDORA-1-Comarcal-Solidario-Espurna_9-03-2026.mp4\"><\/video><\/figure>\n\n\n\n<p class=\"has-text-align-left\">Desde un primer momento la fundaci\u00f3n se preocupa por la salud mental y f\u00edsica de la comunidad, la cual proporciona actividades muy variadas para que los chicos y chicas pongan en pr\u00e1ctica ciertos valores: como el compa\u00f1erismo, respeto y trabajo en equipo.&nbsp;<\/p>\n\n\n\n<p class=\"has-text-align-left\"><em>\u201cHacemos un mont\u00f3n de deporte porque pensamos que es una herramienta muy valiosa\u201d<\/em> Menciona <strong>Joana <\/strong>Psic\u00f3loga de la Fundaci\u00f3n&nbsp;<\/p>\n\n\n\n<figure class=\"wp-block-video\"><video height=\"1080\" style=\"aspect-ratio: 1920 \/ 1080;\" width=\"1920\" controls src=\"http:\/\/infogandia.es\/wp-content\/uploads\/2026\/03\/PILDORA-2-Comarcal-Solidario-Espurna_9-03-2026.mp4\"><\/video><\/figure>\n\n\n\n<p class=\"has-text-align-left\">Adem\u00e1s nos hablaron de eventos falleros que har\u00e1n los representantes <strong>Ana L\u00f3pez <\/strong>y su acompa\u00f1ante <strong>Dani Mart\u00ed <\/strong>que est\u00e1n muy emocionados.&nbsp;<\/p>\n\n\n\n<p class=\"has-text-align-left\"><em>\u201cEst\u00e1n super emocionados, no se lo esperaban\u201d <\/em>Menciona<strong> Joana <\/strong>Psic\u00f3loga de la Fundaci\u00f3n&nbsp;<\/p>\n\n\n\n<figure class=\"wp-block-video\"><video height=\"1080\" style=\"aspect-ratio: 1920 \/ 1080;\" width=\"1920\" controls src=\"http:\/\/infogandia.es\/wp-content\/uploads\/2026\/03\/PILDORA-3-Comarcal-Solidario-Espurna_9-03-2026.mp4\"><\/video><\/figure>\n\n\n\n<p class=\"has-text-align-right\">Larisa Haleta<\/p>\n","protected":false},"excerpt":{"rendered":"<p>\u201cHacemos un mont\u00f3n de deporte porque pensamos que es una herramienta muy valiosa\u201d El programa de Comarcal Solidaria recibi\u00f3 una visita de dos componentes de La Fundaci\u00f3n Espurna de Gandia, especializadas en psicolog\u00eda y en la coordinaci\u00f3n de Viviendas Tuteladas para explicarnos c\u00f3mo se gestionan y realizan las actividades dentro de la fundaci\u00f3n.\u00a0 La propia&#8230;<\/p>\n","protected":false},"author":1,"featured_media":8358,"comment_status":"open","ping_status":"open","sticky":false,"template":"","format":"standard","meta":{"footnotes":""},"categories":[1],"tags":[],"class_list":["post-8354","post","type-post","status-publish","format-standard","has-post-thumbnail","hentry","category-actualidad"],"_links":{"self":[{"href":"https:\/\/infogandia.es\/index.php\/wp-json\/wp\/v2\/posts\/8354","targetHints":{"allow":["GET"]}}],"collection":[{"href":"https:\/\/infogandia.es\/index.php\/wp-json\/wp\/v2\/posts"}],"about":[{"href":"https:\/\/infogandia.es\/index.php\/wp-json\/wp\/v2\/types\/post"}],"author":[{"embeddable":true,"href":"https:\/\/infogandia.es\/index.php\/wp-json\/wp\/v2\/users\/1"}],"replies":[{"embeddable":true,"href":"https:\/\/infogandia.es\/index.php\/wp-json\/wp\/v2\/comments?post=8354"}],"version-history":[{"count":2,"href":"https:\/\/infogandia.es\/index.php\/wp-json\/wp\/v2\/posts\/8354\/revisions"}],"predecessor-version":[{"id":8360,"href":"https:\/\/infogandia.es\/index.php\/wp-json\/wp\/v2\/posts\/8354\/revisions\/8360"}],"wp:featuredmedia":[{"embeddable":true,"href":"https:\/\/infogandia.es\/index.php\/wp-json\/wp\/v2\/media\/8358"}],"wp:attachment":[{"href":"https:\/\/infogandia.es\/index.php\/wp-json\/wp\/v2\/media?parent=8354"}],"wp:term":[{"taxonomy":"category","embeddable":true,"href":"https:\/\/infogandia.es\/index.php\/wp-json\/wp\/v2\/categories?post=8354"},{"taxonomy":"post_tag","embeddable":true,"href":"https:\/\/infogandia.es\/index.php\/wp-json\/wp\/v2\/tags?post=8354"}],"curies":[{"name":"wp","href":"https:\/\/api.w.org\/{rel}","templated":true}]}}