{"id":8361,"date":"2026-03-09T17:18:07","date_gmt":"2026-03-09T17:18:07","guid":{"rendered":"https:\/\/infogandia.es\/?p=8361"},"modified":"2026-03-09T17:18:28","modified_gmt":"2026-03-09T17:18:28","slug":"les-falles-apleguen-a-gandia-carregades-de-solidaritat-i-diversio","status":"publish","type":"post","link":"https:\/\/infogandia.es\/index.php\/2026\/03\/09\/les-falles-apleguen-a-gandia-carregades-de-solidaritat-i-diversio\/","title":{"rendered":"Les Falles apleguen a Gandia, carregades de solidaritat i diversi\u00f3."},"content":{"rendered":"\n<p data-wp-context---core-fit-text=\"core\/fit-text::{&quot;fontSize&quot;:&quot;&quot;}\" data-wp-init---core-fit-text=\"core\/fit-text::callbacks.init\" data-wp-interactive data-wp-style--font-size=\"core\/fit-text::context.fontSize\" class=\"has-fit-text\"><em>La tradici\u00f3 valenciana de les Falles aplega a Gandia i amb ella comencen les activitats solid\u00e0ries.\u00a0<\/em><\/p>\n\n\n\n<p>Les falleres i fallers es preparen per a rebre els seus dies assenyalats. Aquestes \u00faltimes setmanes estan carregades d\u2019activitats organitzades per les diferents comissions falleres, no obstant aix\u00f2, les comissions es passen tot l\u2019any preparant diferents activitats solid\u00e0ries per a arreplegar diners, els quals estan destinats als llibrets i monuments.<\/p>\n\n\n\n<p>El llibret faller cada vegada \u00e9s m\u00e9s interessant degut a la gran involucraci\u00f3 de les comissions falleres i \u00e9s la forma m\u00e9s directa de manifestar la cultura valenciana, a m\u00e9s de ser l\u2019\u00fanica manera de conservar les Falles en el temps:<em> \u201cQue el fet de que les Falles tinguen eixa involucraci\u00f3 en el llibret \u00e9s la manera m\u00e9s directa de manifestar la cultura valenciana, \u00e9s la manera de que s\u2019escriga, de que estiga en el carrer, de que la gent la llisca, de que la gent participe d\u2019ella i \u00e9s un element potenciador de la nostra cultura que no deguem d\u2019oblidar.\u201d <\/em>Assenyala el President de la Federaci\u00f3 de Falles, <strong>Francisco Mart\u00ednez.<\/strong><\/p>\n\n\n\n<figure class=\"wp-block-video\"><video height=\"1080\" style=\"aspect-ratio: 1920 \/ 1080;\" width=\"1920\" controls src=\"https:\/\/infogandia.es\/wp-content\/uploads\/2026\/03\/PILDORA-1.mp4\"><\/video><\/figure>\n\n\n\n<p>Aquest any s\u2019ha aconseguit, per primera vegada, facilitar l\u2019acc\u00e9s al llibret faller mitjan\u00e7ant un codi QR descarregable:<em> \u201cEl col\u00b7lectiu faller est\u00e0 molt involucrat i molt participatiu en facilitar i projectar lo seu, i una manera inclusiva \u00e9s, per exemple, lo del codi QR que fa que tot el m\u00f3n tinga acc\u00e9s a eixa documentaci\u00f3.\u201d<\/em><\/p>\n\n\n\n<figure class=\"wp-block-video\"><video height=\"1080\" style=\"aspect-ratio: 1920 \/ 1080;\" width=\"1920\" controls src=\"http:\/\/infogandia.es\/wp-content\/uploads\/2026\/03\/PILDORA-2.mp4\"><\/video><\/figure>\n\n\n\n<p>El dia de la Dona, 8 de Mar\u00e7, la Fallera Major va llegir un manifest que es va estendre a totes les comissions, per donar pot\u00e8ncia i refor\u00e7ar: <em>\u201cI de fet el diumenge, que \u00e9s dia de la Dona, s\u2019ha preparat un text \u2026 es far\u00e0 extensiu a totes les comissions per a que puguen llegir-lo cadasc\u00fa en la seua comissi\u00f3 i refor\u00e7ar i donar pot\u00e8ncia a lo que \u00e9s el dia de la Dona.\u201d<\/em><\/p>\n\n\n\n<figure class=\"wp-block-video\"><video height=\"1080\" style=\"aspect-ratio: 1920 \/ 1080;\" width=\"1920\" controls src=\"https:\/\/infogandia.es\/wp-content\/uploads\/2026\/03\/PILDORA-3.mp4\"><\/video><\/figure>\n\n\n\n<p class=\"has-text-align-right\"><strong>Sam Segura<\/strong><\/p>\n","protected":false},"excerpt":{"rendered":"<p>La tradici\u00f3 valenciana de les Falles aplega a Gandia i amb ella comencen les activitats solid\u00e0ries.\u00a0 Les falleres i fallers es preparen per a rebre els seus dies assenyalats. Aquestes \u00faltimes setmanes estan carregades d\u2019activitats organitzades per les diferents comissions falleres, no obstant aix\u00f2, les comissions es passen tot l\u2019any preparant diferents activitats solid\u00e0ries per&#8230;<\/p>\n","protected":false},"author":1,"featured_media":8365,"comment_status":"open","ping_status":"open","sticky":false,"template":"","format":"standard","meta":{"footnotes":""},"categories":[1],"tags":[],"class_list":["post-8361","post","type-post","status-publish","format-standard","has-post-thumbnail","hentry","category-actualidad"],"_links":{"self":[{"href":"https:\/\/infogandia.es\/index.php\/wp-json\/wp\/v2\/posts\/8361","targetHints":{"allow":["GET"]}}],"collection":[{"href":"https:\/\/infogandia.es\/index.php\/wp-json\/wp\/v2\/posts"}],"about":[{"href":"https:\/\/infogandia.es\/index.php\/wp-json\/wp\/v2\/types\/post"}],"author":[{"embeddable":true,"href":"https:\/\/infogandia.es\/index.php\/wp-json\/wp\/v2\/users\/1"}],"replies":[{"embeddable":true,"href":"https:\/\/infogandia.es\/index.php\/wp-json\/wp\/v2\/comments?post=8361"}],"version-history":[{"count":1,"href":"https:\/\/infogandia.es\/index.php\/wp-json\/wp\/v2\/posts\/8361\/revisions"}],"predecessor-version":[{"id":8366,"href":"https:\/\/infogandia.es\/index.php\/wp-json\/wp\/v2\/posts\/8361\/revisions\/8366"}],"wp:featuredmedia":[{"embeddable":true,"href":"https:\/\/infogandia.es\/index.php\/wp-json\/wp\/v2\/media\/8365"}],"wp:attachment":[{"href":"https:\/\/infogandia.es\/index.php\/wp-json\/wp\/v2\/media?parent=8361"}],"wp:term":[{"taxonomy":"category","embeddable":true,"href":"https:\/\/infogandia.es\/index.php\/wp-json\/wp\/v2\/categories?post=8361"},{"taxonomy":"post_tag","embeddable":true,"href":"https:\/\/infogandia.es\/index.php\/wp-json\/wp\/v2\/tags?post=8361"}],"curies":[{"name":"wp","href":"https:\/\/api.w.org\/{rel}","templated":true}]}}