{"id":8370,"date":"2026-03-10T09:42:40","date_gmt":"2026-03-10T09:42:40","guid":{"rendered":"https:\/\/infogandia.es\/?p=8370"},"modified":"2026-03-10T09:42:50","modified_gmt":"2026-03-10T09:42:50","slug":"las-fallas-escolares-moll-motor-celebran-su-octava-edicion-con-la-participacion-de-11-colegios","status":"publish","type":"post","link":"https:\/\/infogandia.es\/index.php\/2026\/03\/10\/las-fallas-escolares-moll-motor-celebran-su-octava-edicion-con-la-participacion-de-11-colegios\/","title":{"rendered":"Las Fallas Escolares Moll Motor celebran su octava edici\u00f3n con la participaci\u00f3n de 11 colegios"},"content":{"rendered":"\n<p>Las <strong>Fallas Escolares Moll Motor 2026<\/strong> se celebrar\u00e1n este a\u00f1o bajo el lema <strong>\u201cLa tecnolog\u00eda, el futuro es ahora\u201d<\/strong>, una iniciativa que busca acercar la tradici\u00f3n fallera al alumnado de los centros educativos de la ciudad. La presentaci\u00f3n de esta octava edici\u00f3n ha tenido lugar en el Ayuntamiento de Gandia con la participaci\u00f3n de representantes institucionales y de la organizaci\u00f3n.<\/p>\n\n\n\n<p>En el acto han intervenido la responsable de Relaciones Institucionales de Moll Motor, Virginia Pons; el concejal de Fallas, Adri\u00e1n Vila; la concejala de Educaci\u00f3n, Esther Sapena; y el presidente de la Federaci\u00f3 de Falles de Gandia, Francisco Mart\u00ednez.<\/p>\n\n\n\n<p>La iniciativa est\u00e1 organizada por <strong>Moll Motor<\/strong> con la colaboraci\u00f3n de Omoda Jaecoo Espa\u00f1a, la <strong>Federaci\u00f3 de Falles de Gandia<\/strong> y el <strong>Ayuntamiento de Gandia<\/strong>. En esta edici\u00f3n participar\u00e1n <strong>11 centros educativos<\/strong>, cuyos alumnos y alumnas elaborar\u00e1n sus propias fallas escolares, escenas y los tradicionales <em>llibrets<\/em> explicativos que acompa\u00f1an a los monumentos.<\/p>\n\n\n\n<p>Seg\u00fan explic\u00f3 Virginia Pons, la participaci\u00f3n vuelve a crecer este a\u00f1o, lo que demuestra la buena acogida de esta propuesta entre los centros educativos. \u201cSabemos que los colegios llevan meses trabajando en la creaci\u00f3n de sus fallas y las expectativas son muy altas, porque cada a\u00f1o se superan\u201d, afirm\u00f3.<\/p>\n\n\n\n<p>El jurado visitar\u00e1 los <strong>once centros participantes el 13 de marzo<\/strong> durante toda la ma\u00f1ana para evaluar los monumentos realizados por el alumnado. Posteriormente, el <strong>14 de marzo a las 10:30 horas<\/strong>, la Pla\u00e7a Major de Gandia acoger\u00e1 el acto de entrega de premios, que contar\u00e1 con la presencia de las <strong>Falleras Mayores de Gandia<\/strong>, representantes de la corporaci\u00f3n municipal y responsables de la empresa organizadora.<\/p>\n\n\n\n<p>La concejala de Educaci\u00f3n, Esther Sapena, destac\u00f3 el valor educativo y participativo del proyecto, se\u00f1alando que permite a muchos ni\u00f1os y ni\u00f1as vivir las Fallas desde dentro, incluso si no forman parte de una comisi\u00f3n fallera. \u201cEs una oportunidad para que el alumnado se sienta fallero y participe activamente en la fiesta\u201d, explic\u00f3.<\/p>\n\n\n\n<figure class=\"wp-block-image size-large\"><img fetchpriority=\"high\" decoding=\"async\" width=\"1024\" height=\"683\" src=\"http:\/\/infogandia.es\/wp-content\/uploads\/2026\/03\/IMG_2384-1024x683.jpg\" alt=\"\" class=\"wp-image-8372\" srcset=\"https:\/\/infogandia.es\/wp-content\/uploads\/2026\/03\/IMG_2384-1024x683.jpg 1024w, https:\/\/infogandia.es\/wp-content\/uploads\/2026\/03\/IMG_2384-300x200.jpg 300w, https:\/\/infogandia.es\/wp-content\/uploads\/2026\/03\/IMG_2384-768x512.jpg 768w, https:\/\/infogandia.es\/wp-content\/uploads\/2026\/03\/IMG_2384-1536x1024.jpg 1536w, https:\/\/infogandia.es\/wp-content\/uploads\/2026\/03\/IMG_2384-2048x1365.jpg 2048w, https:\/\/infogandia.es\/wp-content\/uploads\/2026\/03\/IMG_2384-600x400.jpg 600w\" sizes=\"(max-width: 1024px) 100vw, 1024px\" \/><\/figure>\n\n\n\n<p>Por su parte, el concejal de Fallas, Adri\u00e1n Vila, agradeci\u00f3 el compromiso de <strong>Moll Motor<\/strong> con la fiesta fallera, tanto por el impulso de iniciativas como esta como por su colaboraci\u00f3n en otros aspectos relacionados con la celebraci\u00f3n de las Fallas en la ciudad.<\/p>\n\n\n\n<p>Finalmente, el presidente de la <strong>Federaci\u00f3 de Falles de Gandia<\/strong>, Francisco Mart\u00ednez, anim\u00f3 a los centros educativos a seguir implic\u00e1ndose en el proyecto. Seg\u00fan destac\u00f3, las Fallas Escolares han ido ganando peso dentro del calendario fallero de la ciudad y cada a\u00f1o aumenta el n\u00famero de participantes.<\/p>\n\n\n\n<p>Adem\u00e1s, al igual que en la edici\u00f3n anterior, las <strong>Falleras Mayores de Gandia y sus cortes de honor<\/strong> acudir\u00e1n vestidas con su indumentaria oficial para hacer entrega de los premios, reforzando el car\u00e1cter festivo y simb\u00f3lico de este acto dentro de la programaci\u00f3n fallera de la ciudad.<\/p>\n","protected":false},"excerpt":{"rendered":"<p>Las Fallas Escolares Moll Motor 2026 se celebrar\u00e1n este a\u00f1o bajo el lema \u201cLa tecnolog\u00eda, el futuro es ahora\u201d, una iniciativa que busca acercar la tradici\u00f3n fallera al alumnado de los centros educativos de la ciudad. La presentaci\u00f3n de esta octava edici\u00f3n ha tenido lugar en el Ayuntamiento de Gandia con la participaci\u00f3n de representantes&#8230;<\/p>\n","protected":false},"author":1,"featured_media":8371,"comment_status":"open","ping_status":"open","sticky":false,"template":"","format":"standard","meta":{"footnotes":""},"categories":[1,27],"tags":[],"class_list":["post-8370","post","type-post","status-publish","format-standard","has-post-thumbnail","hentry","category-actualidad","category-sociedad"],"_links":{"self":[{"href":"https:\/\/infogandia.es\/index.php\/wp-json\/wp\/v2\/posts\/8370","targetHints":{"allow":["GET"]}}],"collection":[{"href":"https:\/\/infogandia.es\/index.php\/wp-json\/wp\/v2\/posts"}],"about":[{"href":"https:\/\/infogandia.es\/index.php\/wp-json\/wp\/v2\/types\/post"}],"author":[{"embeddable":true,"href":"https:\/\/infogandia.es\/index.php\/wp-json\/wp\/v2\/users\/1"}],"replies":[{"embeddable":true,"href":"https:\/\/infogandia.es\/index.php\/wp-json\/wp\/v2\/comments?post=8370"}],"version-history":[{"count":2,"href":"https:\/\/infogandia.es\/index.php\/wp-json\/wp\/v2\/posts\/8370\/revisions"}],"predecessor-version":[{"id":8374,"href":"https:\/\/infogandia.es\/index.php\/wp-json\/wp\/v2\/posts\/8370\/revisions\/8374"}],"wp:featuredmedia":[{"embeddable":true,"href":"https:\/\/infogandia.es\/index.php\/wp-json\/wp\/v2\/media\/8371"}],"wp:attachment":[{"href":"https:\/\/infogandia.es\/index.php\/wp-json\/wp\/v2\/media?parent=8370"}],"wp:term":[{"taxonomy":"category","embeddable":true,"href":"https:\/\/infogandia.es\/index.php\/wp-json\/wp\/v2\/categories?post=8370"},{"taxonomy":"post_tag","embeddable":true,"href":"https:\/\/infogandia.es\/index.php\/wp-json\/wp\/v2\/tags?post=8370"}],"curies":[{"name":"wp","href":"https:\/\/api.w.org\/{rel}","templated":true}]}}