{"id":8391,"date":"2026-03-09T10:09:30","date_gmt":"2026-03-09T10:09:30","guid":{"rendered":"https:\/\/infogandia.es\/?p=8391"},"modified":"2026-03-11T10:15:03","modified_gmt":"2026-03-11T10:15:03","slug":"el-consorcio-provincial-firma-en-la-diputacio-de-valencia-las-nuevas-condiciones-laborales-de-bomberos-y-brigadas-forestales","status":"publish","type":"post","link":"https:\/\/infogandia.es\/index.php\/2026\/03\/09\/el-consorcio-provincial-firma-en-la-diputacio-de-valencia-las-nuevas-condiciones-laborales-de-bomberos-y-brigadas-forestales\/","title":{"rendered":"El Consorcio Provincial firma en la Diputaci\u00f3 de Val\u00e8ncia las nuevas condiciones laborales de Bomberos y Brigadas Forestales"},"content":{"rendered":"\n<p><em>El presidente Vicent Momp\u00f3 asiste al acto de certificaci\u00f3n de los acuerdos que regulan las condiciones del personal del Consorcio y reconoce la consideraci\u00f3n de bomberos forestales a los brigadistas.<\/em><\/p>\n\n\n\n<p> La Sala 9 d\u2019Octubre de la Diputaci\u00f3 de Val\u00e8ncia ha acogido este lunes la firma oficial de los nuevos acuerdos laborales del Consorcio Provincial de Bomberos de Val\u00e8ncia (CPBV), que establecen el marco regulador de las condiciones de trabajo tanto del personal funcionario de bomberos como del colectivo de brigadas forestales.<\/p>\n\n\n\n<p>El acto ha contado con la presencia del presidente de la Diputaci\u00f3 de Val\u00e8ncia, Vicent Momp\u00f3; el presidente del Consorcio Provincial de Bomberos, Avelino Mascarell; el gerente de la entidad, Marcial D\u00edaz; el inspector jefe, Jorge Gil; as\u00ed como representantes sindicales de los colectivos de bomberos y brigadas forestales.<\/p>\n\n\n\n<figure class=\"wp-block-embed is-type-video is-provider-youtube wp-block-embed-youtube wp-embed-aspect-16-9 wp-has-aspect-ratio\"><div class=\"wp-block-embed__wrapper\">\n<iframe title=\"El Consorcio Provincial firma las nuevas condiciones laborales de Bomberos y Brigadas Forestales\" width=\"640\" height=\"360\" src=\"https:\/\/www.youtube.com\/embed\/w1HCQcClGg8?feature=oembed\" frameborder=\"0\" allow=\"accelerometer; autoplay; clipboard-write; encrypted-media; gyroscope; picture-in-picture; web-share\" referrerpolicy=\"strict-origin-when-cross-origin\" allowfullscreen><\/iframe>\n<\/div><\/figure>\n\n\n\n<p>Los documentos firmados corresponden a dos marcos laborales diferenciados. Por un lado, el Acuerdo de condiciones del personal funcionario, que regula el funcionamiento y las condiciones laborales del colectivo de bomberos del Consorcio. Por otro, el Convenio Colectivo del personal laboral, que establece el marco laboral espec\u00edfico para las brigadas forestales.<\/p>\n\n\n\n<p>Durante el acto, Vicent Momp\u00f3 ha destacado que el acuerdo con el personal de bomberos permite ordenar de manera integral diversos aspectos clave para la organizaci\u00f3n del servicio, como la jornada laboral, los turnos operativos, el sistema de permisos y licencias, las condiciones econ\u00f3micas, la formaci\u00f3n o la carrera profesional. Seg\u00fan ha se\u00f1alado el presidente de la corporaci\u00f3n provincial, el nuevo marco garantiza una mayor estabilidad y seguridad jur\u00eddica, adem\u00e1s de contribuir a modernizar la estructura de un servicio que permanece operativo las 24 horas del d\u00eda durante todo el a\u00f1o.<\/p>\n\n\n\n<p>En relaci\u00f3n con el nuevo convenio del personal laboral de brigadas forestales, Momp\u00f3 ha subrayado uno de los avances m\u00e1s relevantes del acuerdo: el reconocimiento de la figura de bombero forestal para los brigadistas del Consorcio. Se trata, seg\u00fan ha indicado, de una reivindicaci\u00f3n hist\u00f3rica del colectivo que actualiza su consideraci\u00f3n profesional y reconoce el papel esencial que desempe\u00f1an en la protecci\u00f3n del territorio y de los montes de la provincia.<\/p>\n\n\n\n<p>Por su parte, el presidente del Consorcio Provincial de Bomberos, Avelino Mascarell, ha valorado la firma de los acuerdos como un paso importante para continuar reforzando el servicio de emergencias que presta la entidad en los municipios de la provincia. Mascarell ha destacado que el nuevo marco laboral aporta estabilidad a la organizaci\u00f3n y permitir\u00e1 seguir mejorando la capacidad de respuesta ante situaciones de emergencia.<\/p>\n\n\n\n<p>Desde la representaci\u00f3n sindical del colectivo de bomberos, Helios Mart\u00edn ha se\u00f1alado que el nuevo convenio establece unas bases s\u00f3lidas para continuar avanzando en la modernizaci\u00f3n del servicio y adaptarlo a las necesidades actuales de la sociedad. Asimismo, ha explicado que los representantes del personal realizar\u00e1n un seguimiento del desarrollo del acuerdo para garantizar su correcta aplicaci\u00f3n. En su opini\u00f3n, se trata de un convenio ambicioso que, si se implementa con normalidad, se traducir\u00e1 en una mejora del servicio que se presta a la ciudadan\u00eda.<\/p>\n\n\n\n<p>En representaci\u00f3n de las brigadas forestales, Francisco Estarlich ha valorado positivamente el acuerdo alcanzado tras un proceso de negociaci\u00f3n que ha calificado como largo y exigente, especialmente por la adaptaci\u00f3n del colectivo a un nuevo marco laboral dentro de la administraci\u00f3n p\u00fablica. Estarlich ha se\u00f1alado que el nuevo convenio supone un avance en la consolidaci\u00f3n profesional de las brigadas forestales y ha destacado el reconocimiento de la figura de bombero forestal como un paso significativo para el colectivo. Seg\u00fan ha concluido, el acuerdo permitir\u00e1 estabilizar su situaci\u00f3n laboral y seguir trabajando en futuras mejoras de sus condiciones.<\/p>\n","protected":false},"excerpt":{"rendered":"<p>El presidente Vicent Momp\u00f3 asiste al acto de certificaci\u00f3n de los acuerdos que regulan las condiciones del personal del Consorcio y reconoce la consideraci\u00f3n de bomberos forestales a los brigadistas. La Sala 9 d\u2019Octubre de la Diputaci\u00f3 de Val\u00e8ncia ha acogido este lunes la firma oficial de los nuevos acuerdos laborales del Consorcio Provincial de&#8230;<\/p>\n","protected":false},"author":1,"featured_media":8392,"comment_status":"open","ping_status":"open","sticky":false,"template":"","format":"standard","meta":{"footnotes":""},"categories":[1,27],"tags":[],"class_list":["post-8391","post","type-post","status-publish","format-standard","has-post-thumbnail","hentry","category-actualidad","category-sociedad"],"_links":{"self":[{"href":"https:\/\/infogandia.es\/index.php\/wp-json\/wp\/v2\/posts\/8391","targetHints":{"allow":["GET"]}}],"collection":[{"href":"https:\/\/infogandia.es\/index.php\/wp-json\/wp\/v2\/posts"}],"about":[{"href":"https:\/\/infogandia.es\/index.php\/wp-json\/wp\/v2\/types\/post"}],"author":[{"embeddable":true,"href":"https:\/\/infogandia.es\/index.php\/wp-json\/wp\/v2\/users\/1"}],"replies":[{"embeddable":true,"href":"https:\/\/infogandia.es\/index.php\/wp-json\/wp\/v2\/comments?post=8391"}],"version-history":[{"count":2,"href":"https:\/\/infogandia.es\/index.php\/wp-json\/wp\/v2\/posts\/8391\/revisions"}],"predecessor-version":[{"id":8395,"href":"https:\/\/infogandia.es\/index.php\/wp-json\/wp\/v2\/posts\/8391\/revisions\/8395"}],"wp:featuredmedia":[{"embeddable":true,"href":"https:\/\/infogandia.es\/index.php\/wp-json\/wp\/v2\/media\/8392"}],"wp:attachment":[{"href":"https:\/\/infogandia.es\/index.php\/wp-json\/wp\/v2\/media?parent=8391"}],"wp:term":[{"taxonomy":"category","embeddable":true,"href":"https:\/\/infogandia.es\/index.php\/wp-json\/wp\/v2\/categories?post=8391"},{"taxonomy":"post_tag","embeddable":true,"href":"https:\/\/infogandia.es\/index.php\/wp-json\/wp\/v2\/tags?post=8391"}],"curies":[{"name":"wp","href":"https:\/\/api.w.org\/{rel}","templated":true}]}}