{"id":8403,"date":"2026-03-11T11:30:30","date_gmt":"2026-03-11T11:30:30","guid":{"rendered":"https:\/\/infogandia.es\/?p=8403"},"modified":"2026-03-11T11:30:36","modified_gmt":"2026-03-11T11:30:36","slug":"gandia-prepara-las-fallas-2026-con-un-amplio-calendario-de-actos","status":"publish","type":"post","link":"https:\/\/infogandia.es\/index.php\/2026\/03\/11\/gandia-prepara-las-fallas-2026-con-un-amplio-calendario-de-actos\/","title":{"rendered":"Gandia prepara las Fallas 2026 con un amplio calendario de actos"},"content":{"rendered":"\n<p>Gandia ya ultima los preparativos para celebrar las Fallas 2026 con un programa de actividades que incluir\u00e1 actos tradicionales, espect\u00e1culos pirot\u00e9cnicos y celebraciones que llenar\u00e1n la ciudad de ambiente festivo durante varios d\u00edas.<\/p>\n\n\n\n<p>Uno de los momentos m\u00e1s destacados ser\u00e1 la <strong>Nit del Foc<\/strong>, prevista para la medianoche del s\u00e1bado 14 de marzo en el parque Ausi\u00e0s March. El espect\u00e1culo pirot\u00e9cnico, a cargo de la pirotecnia Pablo, iluminar\u00e1 el cielo de la ciudad en uno de los actos m\u00e1s esperados del inicio de las fiestas.<\/p>\n\n\n\n<p>A partir del 15 de marzo comenzar\u00e1 el ciclo de <strong>mascletaes<\/strong>, que se disparar\u00e1n diariamente a las 14.00 horas en la avenida Marqu\u00e9s de Campo, en la zona de la Renfe. Los espect\u00e1culos pirot\u00e9cnicos estar\u00e1n a cargo de empresas como Pirotecnia del Mediterr\u00e1neo y Pirotecnia Borred\u00e0.<\/p>\n\n\n\n<p>Las celebraciones continuar\u00e1n el lunes 16 de marzo con la tradicional <strong>Nit de la Plant\u00e0<\/strong>, momento en el que las comisiones falleras finalizan el montaje de los monumentos que ser\u00e1n evaluados por el jurado.<\/p>\n\n\n\n<p>Ese mismo d\u00eda por la tarde tendr\u00e1 lugar la <strong>cercavila del Bateig Faller<\/strong>, que recorrer\u00e1 el trayecto entre el Teatre Serrano y la plaza Major. Al finalizar el desfile se realizar\u00e1 la entrega de premios de las Fallas 2026 en la misma plaza.<\/p>\n\n\n\n<p>El mi\u00e9rcoles 18 de marzo se celebrar\u00e1 uno de los actos m\u00e1s emotivos de las fiestas, la <strong>Ofrena<\/strong>, que partir\u00e1 a las 16.30 horas desde el Teatre Serrano hasta la plaza Major. Esa misma noche, el parque Ausi\u00e0s March acoger\u00e1 una macrodiscoteca dentro de las denominadas <em>Nits Festives Falleres<\/em>.<\/p>\n\n\n\n<p>Las Fallas concluir\u00e1n el jueves 19 de marzo, d\u00eda de <strong>Sant Josep<\/strong>, con la \u00faltima masclet\u00e0 a las 14.00 horas y la tradicional procesi\u00f3n en honor al patr\u00f3n, que comenzar\u00e1 a las 17.30 horas desde la plaza Sant Josep.<\/p>\n\n\n\n<p>La jornada finalizar\u00e1 con la <strong>Crem\u00e0 de los monumentos<\/strong>, que comenzar\u00e1 a partir de las 21.00 horas, poniendo el broche final a las fiestas falleras de 2026 en la ciudad.<\/p>\n","protected":false},"excerpt":{"rendered":"<p>Gandia ya ultima los preparativos para celebrar las Fallas 2026 con un programa de actividades que incluir\u00e1 actos tradicionales, espect\u00e1culos pirot\u00e9cnicos y celebraciones que llenar\u00e1n la ciudad de ambiente festivo durante varios d\u00edas. Uno de los momentos m\u00e1s destacados ser\u00e1 la Nit del Foc, prevista para la medianoche del s\u00e1bado 14 de marzo en el&#8230;<\/p>\n","protected":false},"author":1,"featured_media":8404,"comment_status":"open","ping_status":"open","sticky":false,"template":"","format":"standard","meta":{"footnotes":""},"categories":[1,27,57],"tags":[],"class_list":["post-8403","post","type-post","status-publish","format-standard","has-post-thumbnail","hentry","category-actualidad","category-sociedad","category-turismo"],"_links":{"self":[{"href":"https:\/\/infogandia.es\/index.php\/wp-json\/wp\/v2\/posts\/8403","targetHints":{"allow":["GET"]}}],"collection":[{"href":"https:\/\/infogandia.es\/index.php\/wp-json\/wp\/v2\/posts"}],"about":[{"href":"https:\/\/infogandia.es\/index.php\/wp-json\/wp\/v2\/types\/post"}],"author":[{"embeddable":true,"href":"https:\/\/infogandia.es\/index.php\/wp-json\/wp\/v2\/users\/1"}],"replies":[{"embeddable":true,"href":"https:\/\/infogandia.es\/index.php\/wp-json\/wp\/v2\/comments?post=8403"}],"version-history":[{"count":1,"href":"https:\/\/infogandia.es\/index.php\/wp-json\/wp\/v2\/posts\/8403\/revisions"}],"predecessor-version":[{"id":8405,"href":"https:\/\/infogandia.es\/index.php\/wp-json\/wp\/v2\/posts\/8403\/revisions\/8405"}],"wp:featuredmedia":[{"embeddable":true,"href":"https:\/\/infogandia.es\/index.php\/wp-json\/wp\/v2\/media\/8404"}],"wp:attachment":[{"href":"https:\/\/infogandia.es\/index.php\/wp-json\/wp\/v2\/media?parent=8403"}],"wp:term":[{"taxonomy":"category","embeddable":true,"href":"https:\/\/infogandia.es\/index.php\/wp-json\/wp\/v2\/categories?post=8403"},{"taxonomy":"post_tag","embeddable":true,"href":"https:\/\/infogandia.es\/index.php\/wp-json\/wp\/v2\/tags?post=8403"}],"curies":[{"name":"wp","href":"https:\/\/api.w.org\/{rel}","templated":true}]}}