{"id":8406,"date":"2026-03-11T11:32:33","date_gmt":"2026-03-11T11:32:33","guid":{"rendered":"https:\/\/infogandia.es\/?p=8406"},"modified":"2026-03-11T11:32:33","modified_gmt":"2026-03-11T11:32:33","slug":"el-pp-de-gandia-destaca-las-ayudas-fiscales-del-consell-para-apoyar-a-los-musicos","status":"publish","type":"post","link":"https:\/\/infogandia.es\/index.php\/2026\/03\/11\/el-pp-de-gandia-destaca-las-ayudas-fiscales-del-consell-para-apoyar-a-los-musicos\/","title":{"rendered":"El PP de Gandia destaca las ayudas fiscales del Consell para apoyar a los m\u00fasicos"},"content":{"rendered":"\n<p>El Partido Popular de Gandia ha valorado positivamente las nuevas medidas fiscales impulsadas por la Generalitat Valenciana destinadas a apoyar a los m\u00fasicos y fomentar la cultura musical.<\/p>\n\n\n\n<p>El presidente del PP de Gandia, V\u00edctor Soler, ha se\u00f1alado que estas deducciones fiscales \u201csuponen un importante apoyo para los miles de m\u00fasicos de nuestra ciudad\u201d, destacando el arraigo de la tradici\u00f3n musical en la localidad.<\/p>\n\n\n\n<p>Las medidas anunciadas contemplan deducciones en el IRPF por gastos vinculados a la actividad musical, con car\u00e1cter retroactivo desde el 1 de enero de 2025. Entre ellas se incluye una desgravaci\u00f3n de hasta 150 euros por la compra de instrumentos, partituras o formaci\u00f3n musical.<\/p>\n\n\n\n<p>Seg\u00fan ha explicado Soler, esta deducci\u00f3n estar\u00e1 dirigida a contribuyentes con rentas de hasta 60.000 euros en declaraciones individuales y hasta 78.000 euros en declaraciones conjuntas.<\/p>\n\n\n\n<p>El dirigente popular ha subrayado que iniciativas de este tipo contribuyen a reforzar un \u00e1mbito cultural muy presente en la sociedad valenciana. \u201cSomos una tierra con una profunda tradici\u00f3n musical y este tipo de medidas ayudan a reforzar un \u00e1mbito que forma parte de nuestra identidad, nuestra pasi\u00f3n y nuestro orgullo\u201d, ha se\u00f1alado.<\/p>\n\n\n\n<p>Asimismo, Soler ha indicado que estas deducciones se suman a otras medidas fiscales ya existentes en la Comunitat Valenciana, relacionadas con \u00e1mbitos como la pr\u00e1ctica deportiva, el cuidado de personas con enfermedades cr\u00f3nicas o raras, la atenci\u00f3n bucodental o la adquisici\u00f3n de productos \u00f3pticos.<\/p>\n\n\n\n<p>Desde el Partido Popular de Gandia consideran que este conjunto de medidas fiscales busca apoyar a las familias y al tejido cultural, al tiempo que incentiva actividades formativas y culturales como la m\u00fasica.<\/p>\n","protected":false},"excerpt":{"rendered":"<p>El Partido Popular de Gandia ha valorado positivamente las nuevas medidas fiscales impulsadas por la Generalitat Valenciana destinadas a apoyar a los m\u00fasicos y fomentar la cultura musical. El presidente del PP de Gandia, V\u00edctor Soler, ha se\u00f1alado que estas deducciones fiscales \u201csuponen un importante apoyo para los miles de m\u00fasicos de nuestra ciudad\u201d, destacando&#8230;<\/p>\n","protected":false},"author":1,"featured_media":8407,"comment_status":"open","ping_status":"open","sticky":false,"template":"","format":"standard","meta":{"footnotes":""},"categories":[1,27],"tags":[],"class_list":["post-8406","post","type-post","status-publish","format-standard","has-post-thumbnail","hentry","category-actualidad","category-sociedad"],"_links":{"self":[{"href":"https:\/\/infogandia.es\/index.php\/wp-json\/wp\/v2\/posts\/8406","targetHints":{"allow":["GET"]}}],"collection":[{"href":"https:\/\/infogandia.es\/index.php\/wp-json\/wp\/v2\/posts"}],"about":[{"href":"https:\/\/infogandia.es\/index.php\/wp-json\/wp\/v2\/types\/post"}],"author":[{"embeddable":true,"href":"https:\/\/infogandia.es\/index.php\/wp-json\/wp\/v2\/users\/1"}],"replies":[{"embeddable":true,"href":"https:\/\/infogandia.es\/index.php\/wp-json\/wp\/v2\/comments?post=8406"}],"version-history":[{"count":1,"href":"https:\/\/infogandia.es\/index.php\/wp-json\/wp\/v2\/posts\/8406\/revisions"}],"predecessor-version":[{"id":8408,"href":"https:\/\/infogandia.es\/index.php\/wp-json\/wp\/v2\/posts\/8406\/revisions\/8408"}],"wp:featuredmedia":[{"embeddable":true,"href":"https:\/\/infogandia.es\/index.php\/wp-json\/wp\/v2\/media\/8407"}],"wp:attachment":[{"href":"https:\/\/infogandia.es\/index.php\/wp-json\/wp\/v2\/media?parent=8406"}],"wp:term":[{"taxonomy":"category","embeddable":true,"href":"https:\/\/infogandia.es\/index.php\/wp-json\/wp\/v2\/categories?post=8406"},{"taxonomy":"post_tag","embeddable":true,"href":"https:\/\/infogandia.es\/index.php\/wp-json\/wp\/v2\/tags?post=8406"}],"curies":[{"name":"wp","href":"https:\/\/api.w.org\/{rel}","templated":true}]}}