{"id":8420,"date":"2026-03-12T20:39:55","date_gmt":"2026-03-12T20:39:55","guid":{"rendered":"https:\/\/infogandia.es\/?p=8420"},"modified":"2026-03-12T20:39:56","modified_gmt":"2026-03-12T20:39:56","slug":"la-diputacio-activa-el-modo-fallas-con-una-multitudinaria-recepcion-que-reune-a-630-comisiones-en-la-plaza-manises","status":"publish","type":"post","link":"https:\/\/infogandia.es\/index.php\/2026\/03\/12\/la-diputacio-activa-el-modo-fallas-con-una-multitudinaria-recepcion-que-reune-a-630-comisiones-en-la-plaza-manises\/","title":{"rendered":"La Diputaci\u00f3 activa el modo Fallas con una multitudinaria recepci\u00f3n que re\u00fane a 630 comisiones en la plaza Manises"},"content":{"rendered":"\n<ul class=\"wp-block-list\">\n<li><strong>El presidente Momp\u00f3 y las vicepresidentas Enguix y Mazzolari reciben a la Fallera Mayor de Valencia, Carmen Prades, y su Corte de Honor, en un acto que abre la semana grande de la fiesta en la ciudad y las comarcas<\/strong><\/li>\n<\/ul>\n\n\n\n<p>La Diputaci\u00f3 de Val\u00e8ncia ha reunido este jueves a m\u00e1s de 3.000 falleras y falleros de 630 comisiones de la provincia en su tradicional recepci\u00f3n fallera. La instituci\u00f3n provincial ha activado el modo Fallas con la Fallera Mayor de Valencia, Carmen Prades, como invitada de excepci\u00f3n, acompa\u00f1ada por su Corte de Honor. Carmen ha sido recibida por el presidente de la Diputaci\u00f3n, Vicent Momp\u00f3, y las vicepresidentas Nat\u00e0lia Enguix y Reme Mazzolari, que la han acompa\u00f1ado en el primer gran acto de la semana fallera.<\/p>\n\n\n\n<p>En palabras del presidente Momp\u00f3, \u201ccelebramos un a\u00f1o m\u00e1s este acto que une a las comisiones de nuestros pueblos con las de la ciudad, en un encuentro que tradicionalmente se ha convertido en el punto de partida de los d\u00edas grandes de la fiesta\u201d. El m\u00e1ximo responsable provincial ha mostrado su satisfacci\u00f3n por recibir al colectivo fallero y ha deseado a todas y todos \u201clas mejores fiestas posibles, especialmente en este a\u00f1o en que se cumple el d\u00e9cimo aniversario de la declaraci\u00f3n de las Fallas como Patrimonio Inmaterial de la Humanidad por parte de la Unesco\u201d.<\/p>\n\n\n\n<p>Por su parte, la vicepresidenta Enguix ha destacado \u201cel impacto que tiene esta y otras fiestas de nuestra provincia en todo el mundo\u201d, y ha situado la recepci\u00f3n que realiza la Diputaci\u00f3n como \u201cel mejor ejemplo de que esta celebraci\u00f3n \u00fanica, que combina arte y fuego, se vive con la misma intensidad tanto en Valencia como en sus pueblos, donde la actividad fallera tiene una gran implantaci\u00f3n durante todo el a\u00f1o\u201d.<\/p>\n\n\n\n<p>Momp\u00f3, Enguix y Mazzolari han compartido la matinal fallera de la Diputaci\u00f3n con 45 juntas locales falleras y un centenar de municipios, as\u00ed como con decenas de comisiones del Cap i Casal que no han querido perderse la fiesta que ha tenido lugar en la Plaza Manises. A escasos metros, en el interior del Palacio dels Scala, han desfilado las distintas comisiones de la provincia desde las nueve de la ma\u00f1ana, en una recepci\u00f3n que ha abierto Torrent, con la presencia de la alcaldesa y diputada provincial Amparo Folgado, y ha terminado pasadas las 13.00 horas con la comisi\u00f3n Padre Alegre-Enrique Navarro de Valencia.<\/p>\n\n\n\n<p><strong>La Diputaci\u00f3n, en modo Fallas<\/strong><\/p>\n\n\n\n<p>La corporaci\u00f3n provincial se ha vestido de fiesta este jueves. Una fiesta multitudinaria que ha hecho part\u00edcipe a toda la provincia. Las diputadas y diputados provinciales han acompa\u00f1ado a los falleros de sus municipios, con una nutrida presencia de alcaldes y alcaldesas. Entre las asistentes, fallas de comarcas como l\u2019Horta Nord, l\u2019Horta Sud, las dos Riberas, el Camp de T\u00faria, el Camp de Morvedre, la Safor, la Costera, la Vall d\u2019Albaida, la Hoya de Bu\u00f1ol y la Serran\u00eda, junto a decenas de comisiones de la ciudad de Valencia.<\/p>\n\n\n\n<p>La plaza Manises ha amanecido con el estruendo fallero. La horchata y el chocolate esperaban a los asistentes en este punto de encuentro del \u2018fallerisme\u2019. La m\u00fasica de las charangas amenizaba un ambiente que iba creciendo seg\u00fan avanzaba la ma\u00f1ana, al ritmo de \u2018Los Liaos\u2019, \u2018La Petard\u00e0\u2019 y \u2018La Cassalla\u2019.<\/p>\n\n\n\n<p>Las primeras en desfilar han sido las comisiones de Torrent, hasta 28, seguidas por las de Carlet, Benimodo, Picassent\u2026 hasta llegar a N\u00e1quera, donde ha finalizado el turno de las juntas locales con representaci\u00f3n en la corporaci\u00f3n provincial y han continuado desfilando el resto de municipios que celebran las Fallas, desde Tavernes Blanques hasta Catadau, pasando por Foios, Chiva, Cheste, Benaguasil, Alginet y decenas de pueblos de la provincia.<\/p>\n\n\n\n<p>Entre las m\u00e1s numerosas, encontramos las juntas locales falleras de Torrent y Sagunto, con una treintena de comisiones, seguidas a cierta distancia por X\u00e0tiva y Paterna, con 19 fallas cada una, y Cullera con 16 comisiones. En el otro extremo, municipios que viven la fiesta intensamente con una \u00fanica falla, caso de Benimodo y la \u2018Tafarraeta\u2019, que ha estado acompa\u00f1ada por el alcalde y diputado provincial Paco Teruel; y los Juniors de Sant Josep de Ontinyent, que han compartido escenario con el alcalde, Jorge Rodr\u00edguez, la vicepresidenta de la Diputaci\u00f3n y diputada por la Vall, Nat\u00e0lia Enguix, el presidente Momp\u00f3 y la Fallera Mayor de Valencia.<\/p>\n\n\n\n<p>Distintas televisiones locales han retransmitido en directo la recepci\u00f3n fallera de la Diputaci\u00f3n, que un a\u00f1o m\u00e1s ha contado con la presencia de la Fallera Mayor de Valencia. En esta ocasi\u00f3n, Carmen Prades ha iniciado en el Palacio de la Batlia una de sus jornadas falleras m\u00e1s agotadoras, que finalizar\u00e1 esta noche en la plaza del Ayuntamiento con el alzado de Chaplin, el remate del monumento municipal.<\/p>\n","protected":false},"excerpt":{"rendered":"<p>La Diputaci\u00f3 de Val\u00e8ncia ha reunido este jueves a m\u00e1s de 3.000 falleras y falleros de 630 comisiones de la provincia en su tradicional recepci\u00f3n fallera. La instituci\u00f3n provincial ha activado el modo Fallas con la Fallera Mayor de Valencia, Carmen Prades, como invitada de excepci\u00f3n, acompa\u00f1ada por su Corte de Honor. Carmen ha sido&#8230;<\/p>\n","protected":false},"author":1,"featured_media":8421,"comment_status":"open","ping_status":"open","sticky":false,"template":"","format":"standard","meta":{"footnotes":""},"categories":[1],"tags":[],"class_list":["post-8420","post","type-post","status-publish","format-standard","has-post-thumbnail","hentry","category-actualidad"],"_links":{"self":[{"href":"https:\/\/infogandia.es\/index.php\/wp-json\/wp\/v2\/posts\/8420","targetHints":{"allow":["GET"]}}],"collection":[{"href":"https:\/\/infogandia.es\/index.php\/wp-json\/wp\/v2\/posts"}],"about":[{"href":"https:\/\/infogandia.es\/index.php\/wp-json\/wp\/v2\/types\/post"}],"author":[{"embeddable":true,"href":"https:\/\/infogandia.es\/index.php\/wp-json\/wp\/v2\/users\/1"}],"replies":[{"embeddable":true,"href":"https:\/\/infogandia.es\/index.php\/wp-json\/wp\/v2\/comments?post=8420"}],"version-history":[{"count":1,"href":"https:\/\/infogandia.es\/index.php\/wp-json\/wp\/v2\/posts\/8420\/revisions"}],"predecessor-version":[{"id":8422,"href":"https:\/\/infogandia.es\/index.php\/wp-json\/wp\/v2\/posts\/8420\/revisions\/8422"}],"wp:featuredmedia":[{"embeddable":true,"href":"https:\/\/infogandia.es\/index.php\/wp-json\/wp\/v2\/media\/8421"}],"wp:attachment":[{"href":"https:\/\/infogandia.es\/index.php\/wp-json\/wp\/v2\/media?parent=8420"}],"wp:term":[{"taxonomy":"category","embeddable":true,"href":"https:\/\/infogandia.es\/index.php\/wp-json\/wp\/v2\/categories?post=8420"},{"taxonomy":"post_tag","embeddable":true,"href":"https:\/\/infogandia.es\/index.php\/wp-json\/wp\/v2\/tags?post=8420"}],"curies":[{"name":"wp","href":"https:\/\/api.w.org\/{rel}","templated":true}]}}