{"id":8676,"date":"2026-04-27T10:05:20","date_gmt":"2026-04-27T10:05:20","guid":{"rendered":"https:\/\/infogandia.es\/?p=8676"},"modified":"2026-04-27T10:05:21","modified_gmt":"2026-04-27T10:05:21","slug":"vuelve-el-foro-empresarial-de-safor-conecta-por-5a-vez-consecutiva","status":"publish","type":"post","link":"https:\/\/infogandia.es\/index.php\/2026\/04\/27\/vuelve-el-foro-empresarial-de-safor-conecta-por-5a-vez-consecutiva\/","title":{"rendered":"VUELVE EL FORO EMPRESARIAL DE SAFOR CONECTA POR 5\u00aa VEZ CONSECUTIVA."},"content":{"rendered":"\n<p data-wp-context---core-fit-text=\"core\/fit-text::{&quot;fontSize&quot;:&quot;&quot;}\" data-wp-init---core-fit-text=\"core\/fit-text::callbacks.init\" data-wp-interactive data-wp-style--font-size=\"core\/fit-text::context.fontSize\" class=\"has-fit-text\">El pr\u00f3ximo 28 de Mayo se realizar\u00e1 el 5\u00ba Foro Empresarial de Safor Conecta en Gand\u00eda.<\/p>\n\n\n\n<p>El Foro Empresarial tendr\u00e1 lugar en las instalaciones de Fomento de Agricultura Industria y Comercio, que abrir\u00e1 sus puertas a las 08:30H con un caf\u00e9 de bienvenida. Este Foro Empresarial contar\u00e1 con ponencias enfocadas a la ciberseguridad y seguridad en las empresas y a la gesti\u00f3n de profesionales de alto rendimiento: <em>\u201cDesde las 08:30H que haremos la apertura de puertas, donde tendremos el caf\u00e9 de bienvenida, luego pues vamos a contar con ponencias sobre todo este a\u00f1o enfocadas en tema de ciberseguridad y seguridad en las empresas y luego, algo importante, el tema de la gesti\u00f3n de los profesionales de alto rendimiento.\u201d<\/em> Aclara <strong>Javier Nogueroles<\/strong>, Manager de Safor Conecta.<\/p>\n\n\n\n<figure class=\"wp-block-video\"><video height=\"1080\" style=\"aspect-ratio: 1920 \/ 1080;\" width=\"1920\" controls src=\"https:\/\/infogandia.es\/wp-content\/uploads\/2026\/04\/VIDEO-1-OK.mp4\"><\/video><\/figure>\n\n\n\n<p>Un estilo de vida desequilibrado puede impactar en la salud del empresario, el cual ya tiene un estr\u00e9s y una responsabilidad mayor en la empresa. Por ello se recomienda la realizaci\u00f3n de peque\u00f1os cambios en la alimentaci\u00f3n que generan grandes cambios biol\u00f3gicos y protecciones: <em>\u201cCuando hablo del empresario \u2026 ese estilo de vida un poquito m\u00e1s desequilibrado puede impactar a\u00fan m\u00e1s en su salud \u2026 si nos ponemos a hacer grandes cambios lo que vamos a conseguir es que, al final, te desmotives y no lo hagas. Soy m\u00e1s partidario de hacer peque\u00f1os, muchos peque\u00f1os, que se convierten en uno grande \u2026 Esa alimentaci\u00f3n que no tiene por que ser ultra personalizada, pero s\u00ed un poquito m\u00e1s natural, menos procesada, con alimentos m\u00e1s frescos \u2026 eso ya es un cambio importante \u2026 Peque\u00f1itos cambios que implican grandes transformaciones.\u201d <\/em>Comenta <strong>Esteban Peir\u00f3<\/strong>, ponente del 5\u00ba Foro Empresarial.&nbsp;<\/p>\n\n\n\n<figure class=\"wp-block-video\"><video height=\"1080\" style=\"aspect-ratio: 1920 \/ 1080;\" width=\"1920\" controls src=\"https:\/\/infogandia.es\/wp-content\/uploads\/2026\/04\/VIDEO-2-2.mp4\"><\/video><\/figure>\n\n\n\n<p>Adem\u00e1s, en este Foro Empresarial se aprender\u00e1 a concienciar sobre los problemas problemas cr\u00edticos de cara a un negocio con medidas b\u00e1sicas pero con un alto valor de cara a la seguridad de la empresa de manera pr\u00e1ctica: <em>\u201cVamos a ser pr\u00e1cticos, vamos a decir c\u00f3mo puedes identificar un problema que puedes tener, que puede ser m\u00e1s cr\u00edtico para tu negocio \u2026 cosas muy concretas, pero por lo general todos manejamos ordenadores, todo manejamos el E-Mail y suele ser la v\u00eda de entrada principal, vamos a aprender a protegernos con concienciaci\u00f3n, sobre todo, y con medidas muy b\u00e1sicas de seguridad, pero que aportan mucho valor.\u201d <\/em>Recalca <strong>Dami\u00e1n Poquet<\/strong>, ponente del 5\u00ba Foro Empresarial.<\/p>\n\n\n\n<figure class=\"wp-block-video\"><video height=\"1080\" style=\"aspect-ratio: 1920 \/ 1080;\" width=\"1920\" controls src=\"https:\/\/infogandia.es\/wp-content\/uploads\/2026\/04\/VIDEO-3-2.mp4\"><\/video><\/figure>\n\n\n\n<p class=\"has-text-align-right\">Sam Segura<\/p>\n","protected":false},"excerpt":{"rendered":"<p>El pr\u00f3ximo 28 de Mayo se realizar\u00e1 el 5\u00ba Foro Empresarial de Safor Conecta en Gand\u00eda. El Foro Empresarial tendr\u00e1 lugar en las instalaciones de Fomento de Agricultura Industria y Comercio, que abrir\u00e1 sus puertas a las 08:30H con un caf\u00e9 de bienvenida. Este Foro Empresarial contar\u00e1 con ponencias enfocadas a la ciberseguridad y seguridad&#8230;<\/p>\n","protected":false},"author":5,"featured_media":8682,"comment_status":"open","ping_status":"open","sticky":false,"template":"","format":"standard","meta":{"footnotes":""},"categories":[1,27],"tags":[162,30,161],"class_list":["post-8676","post","type-post","status-publish","format-standard","has-post-thumbnail","hentry","category-actualidad","category-sociedad","tag-foro-empresarial","tag-gandia","tag-safor-conecta"],"_links":{"self":[{"href":"https:\/\/infogandia.es\/index.php\/wp-json\/wp\/v2\/posts\/8676","targetHints":{"allow":["GET"]}}],"collection":[{"href":"https:\/\/infogandia.es\/index.php\/wp-json\/wp\/v2\/posts"}],"about":[{"href":"https:\/\/infogandia.es\/index.php\/wp-json\/wp\/v2\/types\/post"}],"author":[{"embeddable":true,"href":"https:\/\/infogandia.es\/index.php\/wp-json\/wp\/v2\/users\/5"}],"replies":[{"embeddable":true,"href":"https:\/\/infogandia.es\/index.php\/wp-json\/wp\/v2\/comments?post=8676"}],"version-history":[{"count":1,"href":"https:\/\/infogandia.es\/index.php\/wp-json\/wp\/v2\/posts\/8676\/revisions"}],"predecessor-version":[{"id":8683,"href":"https:\/\/infogandia.es\/index.php\/wp-json\/wp\/v2\/posts\/8676\/revisions\/8683"}],"wp:featuredmedia":[{"embeddable":true,"href":"https:\/\/infogandia.es\/index.php\/wp-json\/wp\/v2\/media\/8682"}],"wp:attachment":[{"href":"https:\/\/infogandia.es\/index.php\/wp-json\/wp\/v2\/media?parent=8676"}],"wp:term":[{"taxonomy":"category","embeddable":true,"href":"https:\/\/infogandia.es\/index.php\/wp-json\/wp\/v2\/categories?post=8676"},{"taxonomy":"post_tag","embeddable":true,"href":"https:\/\/infogandia.es\/index.php\/wp-json\/wp\/v2\/tags?post=8676"}],"curies":[{"name":"wp","href":"https:\/\/api.w.org\/{rel}","templated":true}]}}