{"id":8687,"date":"2026-04-24T15:43:20","date_gmt":"2026-04-24T15:43:20","guid":{"rendered":"https:\/\/infogandia.es\/?p=8687"},"modified":"2026-04-27T15:44:35","modified_gmt":"2026-04-27T15:44:35","slug":"el-pp-de-gandia-alerta-del-aumento-de-la-inseguridad-y-pide-reforzar-la-presencia-policial","status":"publish","type":"post","link":"https:\/\/infogandia.es\/index.php\/2026\/04\/24\/el-pp-de-gandia-alerta-del-aumento-de-la-inseguridad-y-pide-reforzar-la-presencia-policial\/","title":{"rendered":"El PP de Gandia alerta del aumento de la inseguridad y pide reforzar la presencia policial"},"content":{"rendered":"\n<p>El Grupo Municipal Popular en Gandia ha advertido sobre un incremento de la inseguridad en la ciudad y ha reclamado un refuerzo de los efectivos policiales, especialmente en las zonas de ocio nocturno. La formaci\u00f3n se ha pronunciado en este sentido tras una moci\u00f3n presentada por VOX en el pleno municipal.<\/p>\n\n\n\n<p>El portavoz del grupo, V\u00edctor Soler, ha se\u00f1alado que la preocupaci\u00f3n por la seguridad \u201cse ha convertido en una constante\u201d en los debates plenarios, al considerar que afecta a un n\u00famero creciente de vecinos. Seg\u00fan ha indicado, los delitos han aumentado un 11% desde 2023, a lo que ha sumado recientes sucesos como un apu\u00f1alamiento, una agresi\u00f3n sexual y robos en comercios.<\/p>\n\n\n\n<p>Soler ha criticado la postura del gobierno local, encabezado por el alcalde Jos\u00e9 Manuel Prieto, al que acusa de minimizar la situaci\u00f3n. En este sentido, ha cuestionado las declaraciones que califican a Gandia como una ciudad segura y ha insistido en la necesidad de reconocer los problemas para poder abordarlos.<\/p>\n\n\n\n<p>El dirigente popular tambi\u00e9n ha se\u00f1alado una supuesta falta de efectivos en la Polic\u00eda Local, que atribuye a recortes en los \u00faltimos a\u00f1os. Como ejemplo, ha indicado que durante las Fallas y la Semana Santa quedaron varios servicios sin cubrir, lo que, a su juicio, evidencia deficiencias en la gesti\u00f3n de la seguridad.<\/p>\n\n\n\n<p>Por todo ello, el Partido Popular ha solicitado un incremento de la presencia policial en las calles y ha instado al gobierno municipal a priorizar medidas en materia de seguridad ciudadana.<\/p>\n","protected":false},"excerpt":{"rendered":"<p>El Grupo Municipal Popular en Gandia ha advertido sobre un incremento de la inseguridad en la ciudad y ha reclamado un refuerzo de los efectivos policiales, especialmente en las zonas de ocio nocturno. La formaci\u00f3n se ha pronunciado en este sentido tras una moci\u00f3n presentada por VOX en el pleno municipal. El portavoz del grupo,&#8230;<\/p>\n","protected":false},"author":1,"featured_media":8688,"comment_status":"open","ping_status":"open","sticky":false,"template":"","format":"standard","meta":{"footnotes":""},"categories":[1,3,27],"tags":[],"class_list":["post-8687","post","type-post","status-publish","format-standard","has-post-thumbnail","hentry","category-actualidad","category-politica","category-sociedad"],"_links":{"self":[{"href":"https:\/\/infogandia.es\/index.php\/wp-json\/wp\/v2\/posts\/8687","targetHints":{"allow":["GET"]}}],"collection":[{"href":"https:\/\/infogandia.es\/index.php\/wp-json\/wp\/v2\/posts"}],"about":[{"href":"https:\/\/infogandia.es\/index.php\/wp-json\/wp\/v2\/types\/post"}],"author":[{"embeddable":true,"href":"https:\/\/infogandia.es\/index.php\/wp-json\/wp\/v2\/users\/1"}],"replies":[{"embeddable":true,"href":"https:\/\/infogandia.es\/index.php\/wp-json\/wp\/v2\/comments?post=8687"}],"version-history":[{"count":1,"href":"https:\/\/infogandia.es\/index.php\/wp-json\/wp\/v2\/posts\/8687\/revisions"}],"predecessor-version":[{"id":8689,"href":"https:\/\/infogandia.es\/index.php\/wp-json\/wp\/v2\/posts\/8687\/revisions\/8689"}],"wp:featuredmedia":[{"embeddable":true,"href":"https:\/\/infogandia.es\/index.php\/wp-json\/wp\/v2\/media\/8688"}],"wp:attachment":[{"href":"https:\/\/infogandia.es\/index.php\/wp-json\/wp\/v2\/media?parent=8687"}],"wp:term":[{"taxonomy":"category","embeddable":true,"href":"https:\/\/infogandia.es\/index.php\/wp-json\/wp\/v2\/categories?post=8687"},{"taxonomy":"post_tag","embeddable":true,"href":"https:\/\/infogandia.es\/index.php\/wp-json\/wp\/v2\/tags?post=8687"}],"curies":[{"name":"wp","href":"https:\/\/api.w.org\/{rel}","templated":true}]}}