{"id":8690,"date":"2026-04-27T15:45:17","date_gmt":"2026-04-27T15:45:17","guid":{"rendered":"https:\/\/infogandia.es\/?p=8690"},"modified":"2026-04-27T15:45:17","modified_gmt":"2026-04-27T15:45:17","slug":"el-pp-de-gandia-denuncia-un-comentario-machista-de-un-concejal-socialista-durante-el-pleno","status":"publish","type":"post","link":"https:\/\/infogandia.es\/index.php\/2026\/04\/27\/el-pp-de-gandia-denuncia-un-comentario-machista-de-un-concejal-socialista-durante-el-pleno\/","title":{"rendered":"El PP de Gandia denuncia un comentario \u201cmachista\u201d de un concejal socialista durante el pleno"},"content":{"rendered":"\n<p>El Grupo Municipal Popular en Gandia ha denunciado un supuesto comentario de car\u00e1cter machista realizado por el concejal socialista Miguel \u00c1ngel Picornell durante el \u00faltimo pleno municipal. Seg\u00fan la formaci\u00f3n, el edil dirigi\u00f3 la expresi\u00f3n \u201ccalla la boca, boniata\u201d a la concejala del Partido Popular Mar Beltr\u00e1n en el transcurso del debate de una moci\u00f3n sobre dependencia.<\/p>\n\n\n\n<p>Desde el grupo popular aseguran que la intervenci\u00f3n se produjo \u201ccon visible desprecio\u201d y enmarcan el episodio en una serie de situaciones similares ocurridas en sesiones plenarias recientes. En este sentido, tambi\u00e9n han recordado cr\u00edticas vertidas en el pleno anterior hacia una persona ajena a la corporaci\u00f3n municipal vinculada al portavoz popular.<\/p>\n\n\n\n<p>El portavoz del PP, V\u00edctor Soler, ha se\u00f1alado que dichas referencias ten\u00edan como objetivo \u201cherir a una mujer\u201d por su relaci\u00f3n personal, subrayando que, seg\u00fan afirma, no tiene vinculaci\u00f3n pol\u00edtica ni ha percibido retribuciones p\u00fablicas.<\/p>\n\n\n\n<p>Los populares sostienen que se trata de una din\u00e1mica reiterada de \u201cinsultos y descalificaciones\u201d en los plenos municipales y han instado al alcalde, Jos\u00e9 Manuel Prieto, a intervenir ante este tipo de comportamientos.<\/p>\n\n\n\n<p>Por su parte, el Partido Popular ha reclamado una disculpa p\u00fablica o la dimisi\u00f3n del concejal implicado, al tiempo que ha pedido reforzar el respeto institucional en el desarrollo de las sesiones plenarias.<\/p>\n","protected":false},"excerpt":{"rendered":"<p>El Grupo Municipal Popular en Gandia ha denunciado un supuesto comentario de car\u00e1cter machista realizado por el concejal socialista Miguel \u00c1ngel Picornell durante el \u00faltimo pleno municipal. Seg\u00fan la formaci\u00f3n, el edil dirigi\u00f3 la expresi\u00f3n \u201ccalla la boca, boniata\u201d a la concejala del Partido Popular Mar Beltr\u00e1n en el transcurso del debate de una moci\u00f3n&#8230;<\/p>\n","protected":false},"author":1,"featured_media":8501,"comment_status":"open","ping_status":"open","sticky":false,"template":"","format":"standard","meta":{"footnotes":""},"categories":[1,3,27],"tags":[],"class_list":["post-8690","post","type-post","status-publish","format-standard","has-post-thumbnail","hentry","category-actualidad","category-politica","category-sociedad"],"_links":{"self":[{"href":"https:\/\/infogandia.es\/index.php\/wp-json\/wp\/v2\/posts\/8690","targetHints":{"allow":["GET"]}}],"collection":[{"href":"https:\/\/infogandia.es\/index.php\/wp-json\/wp\/v2\/posts"}],"about":[{"href":"https:\/\/infogandia.es\/index.php\/wp-json\/wp\/v2\/types\/post"}],"author":[{"embeddable":true,"href":"https:\/\/infogandia.es\/index.php\/wp-json\/wp\/v2\/users\/1"}],"replies":[{"embeddable":true,"href":"https:\/\/infogandia.es\/index.php\/wp-json\/wp\/v2\/comments?post=8690"}],"version-history":[{"count":1,"href":"https:\/\/infogandia.es\/index.php\/wp-json\/wp\/v2\/posts\/8690\/revisions"}],"predecessor-version":[{"id":8691,"href":"https:\/\/infogandia.es\/index.php\/wp-json\/wp\/v2\/posts\/8690\/revisions\/8691"}],"wp:featuredmedia":[{"embeddable":true,"href":"https:\/\/infogandia.es\/index.php\/wp-json\/wp\/v2\/media\/8501"}],"wp:attachment":[{"href":"https:\/\/infogandia.es\/index.php\/wp-json\/wp\/v2\/media?parent=8690"}],"wp:term":[{"taxonomy":"category","embeddable":true,"href":"https:\/\/infogandia.es\/index.php\/wp-json\/wp\/v2\/categories?post=8690"},{"taxonomy":"post_tag","embeddable":true,"href":"https:\/\/infogandia.es\/index.php\/wp-json\/wp\/v2\/tags?post=8690"}],"curies":[{"name":"wp","href":"https:\/\/api.w.org\/{rel}","templated":true}]}}