{"id":8692,"date":"2026-04-27T15:46:30","date_gmt":"2026-04-27T15:46:30","guid":{"rendered":"https:\/\/infogandia.es\/?p=8692"},"modified":"2026-04-27T15:46:30","modified_gmt":"2026-04-27T15:46:30","slug":"el-pp-de-gandia-critica-el-respaldo-municipal-a-un-acto-del-correllengua-y-acusa-al-gobierno-local-de-carga-ideologica","status":"publish","type":"post","link":"https:\/\/infogandia.es\/index.php\/2026\/04\/27\/el-pp-de-gandia-critica-el-respaldo-municipal-a-un-acto-del-correllengua-y-acusa-al-gobierno-local-de-carga-ideologica\/","title":{"rendered":"El PP de Gandia critica el respaldo municipal a un acto del Correllengua y acusa al gobierno local de \u201ccarga ideol\u00f3gica\u201d"},"content":{"rendered":"\n<p>El Partido Popular de Gandia ha criticado la celebraci\u00f3n del acto del Correllengua organizado en la ciudad, al considerar que tuvo un marcado car\u00e1cter ideol\u00f3gico. La formaci\u00f3n ha cuestionado adem\u00e1s el apoyo del Ayuntamiento a esta iniciativa.<\/p>\n\n\n\n<p>El secretario general del PP local, Vicent Gregori, ha se\u00f1alado que durante el evento se exhibieron s\u00edmbolos y se lanzaron mensajes que, a su juicio, est\u00e1n vinculados a planteamientos pol\u00edticos ajenos a la identidad valenciana. En este sentido, ha afirmado que el acto incluy\u00f3 referencias a los denominados \u201cPa\u00efsos Catalans\u201d.<\/p>\n\n\n\n<p>Gregori ha dirigido sus cr\u00edticas al alcalde, Jos\u00e9 Manuel Prieto, al que acusa de permitir este tipo de iniciativas por \u201cfalta de liderazgo\u201d. Seg\u00fan ha indicado, el primer edil no habr\u00eda intervenido para evitar que, en su opini\u00f3n, se utilice la ciudad como plataforma de determinadas corrientes ideol\u00f3gicas.<\/p>\n\n\n\n<p>Asimismo, el dirigente popular ha defendido la necesidad de preservar la identidad cultural valenciana dentro del marco auton\u00f3mico actual y ha instado al gobierno local a revisar su respaldo a este tipo de actos.<\/p>\n\n\n\n<p>El Partido Popular ha solicitado al Ejecutivo municipal que garantice que no se apoyar\u00e1n iniciativas que, seg\u00fan sostiene, puedan generar divisi\u00f3n social, y ha reiterado su apuesta por un modelo que definen como de \u201ccentralidad y moderaci\u00f3n\u201d.<\/p>\n","protected":false},"excerpt":{"rendered":"<p>El Partido Popular de Gandia ha criticado la celebraci\u00f3n del acto del Correllengua organizado en la ciudad, al considerar que tuvo un marcado car\u00e1cter ideol\u00f3gico. La formaci\u00f3n ha cuestionado adem\u00e1s el apoyo del Ayuntamiento a esta iniciativa. El secretario general del PP local, Vicent Gregori, ha se\u00f1alado que durante el evento se exhibieron s\u00edmbolos y&#8230;<\/p>\n","protected":false},"author":1,"featured_media":8693,"comment_status":"open","ping_status":"open","sticky":false,"template":"","format":"standard","meta":{"footnotes":""},"categories":[1,27],"tags":[],"class_list":["post-8692","post","type-post","status-publish","format-standard","has-post-thumbnail","hentry","category-actualidad","category-sociedad"],"_links":{"self":[{"href":"https:\/\/infogandia.es\/index.php\/wp-json\/wp\/v2\/posts\/8692","targetHints":{"allow":["GET"]}}],"collection":[{"href":"https:\/\/infogandia.es\/index.php\/wp-json\/wp\/v2\/posts"}],"about":[{"href":"https:\/\/infogandia.es\/index.php\/wp-json\/wp\/v2\/types\/post"}],"author":[{"embeddable":true,"href":"https:\/\/infogandia.es\/index.php\/wp-json\/wp\/v2\/users\/1"}],"replies":[{"embeddable":true,"href":"https:\/\/infogandia.es\/index.php\/wp-json\/wp\/v2\/comments?post=8692"}],"version-history":[{"count":1,"href":"https:\/\/infogandia.es\/index.php\/wp-json\/wp\/v2\/posts\/8692\/revisions"}],"predecessor-version":[{"id":8694,"href":"https:\/\/infogandia.es\/index.php\/wp-json\/wp\/v2\/posts\/8692\/revisions\/8694"}],"wp:featuredmedia":[{"embeddable":true,"href":"https:\/\/infogandia.es\/index.php\/wp-json\/wp\/v2\/media\/8693"}],"wp:attachment":[{"href":"https:\/\/infogandia.es\/index.php\/wp-json\/wp\/v2\/media?parent=8692"}],"wp:term":[{"taxonomy":"category","embeddable":true,"href":"https:\/\/infogandia.es\/index.php\/wp-json\/wp\/v2\/categories?post=8692"},{"taxonomy":"post_tag","embeddable":true,"href":"https:\/\/infogandia.es\/index.php\/wp-json\/wp\/v2\/tags?post=8692"}],"curies":[{"name":"wp","href":"https:\/\/api.w.org\/{rel}","templated":true}]}}