{"id":8707,"date":"2026-04-29T14:50:23","date_gmt":"2026-04-29T14:50:23","guid":{"rendered":"https:\/\/infogandia.es\/?p=8707"},"modified":"2026-04-29T14:50:23","modified_gmt":"2026-04-29T14:50:23","slug":"el-pp-denuncia-deficiencias-en-la-playa-de-gandia-al-inicio-de-la-temporada-turistica","status":"publish","type":"post","link":"https:\/\/infogandia.es\/index.php\/2026\/04\/29\/el-pp-denuncia-deficiencias-en-la-playa-de-gandia-al-inicio-de-la-temporada-turistica\/","title":{"rendered":"El PP denuncia deficiencias en la playa de Gandia al inicio de la temporada tur\u00edstica"},"content":{"rendered":"\n<p>La concejala del Grupo Municipal Popular responsable del barrio de la Playa, Rosabel Borrull, ha criticado el estado de las infraestructuras en la playa de Gandia coincidiendo con el inicio de la temporada tur\u00edstica, asegurando que el gobierno local \u201canuncia actividades mientras mantiene espacios clave en condiciones deficientes\u201d.<\/p>\n\n\n\n<p>La edil ha reaccionado al lanzamiento de la campa\u00f1a tur\u00edstica <strong>\u201cGandia a la Mar\u201d<\/strong>, se\u00f1alando que \u201cno se puede promocionar la ciudad a bombo y platillo mientras las infraestructuras b\u00e1sicas no est\u00e1n a la altura en un momento de m\u00e1xima afluencia de visitantes\u201d.<\/p>\n\n\n\n<figure class=\"wp-block-image size-large\"><img fetchpriority=\"high\" decoding=\"async\" width=\"1024\" height=\"768\" src=\"http:\/\/infogandia.es\/wp-content\/uploads\/2026\/04\/WhatsApp-Image-2026-04-28-at-13.10.48-1-1024x768.jpeg\" alt=\"\" class=\"wp-image-8709\" srcset=\"https:\/\/infogandia.es\/wp-content\/uploads\/2026\/04\/WhatsApp-Image-2026-04-28-at-13.10.48-1-1024x768.jpeg 1024w, https:\/\/infogandia.es\/wp-content\/uploads\/2026\/04\/WhatsApp-Image-2026-04-28-at-13.10.48-1-300x225.jpeg 300w, https:\/\/infogandia.es\/wp-content\/uploads\/2026\/04\/WhatsApp-Image-2026-04-28-at-13.10.48-1-768x576.jpeg 768w, https:\/\/infogandia.es\/wp-content\/uploads\/2026\/04\/WhatsApp-Image-2026-04-28-at-13.10.48-1-1536x1152.jpeg 1536w, https:\/\/infogandia.es\/wp-content\/uploads\/2026\/04\/WhatsApp-Image-2026-04-28-at-13.10.48-1-2048x1536.jpeg 2048w\" sizes=\"(max-width: 1024px) 100vw, 1024px\" \/><\/figure>\n\n\n\n<p>Entre las principales deficiencias, Borrull ha destacado que el conocido como <em>Escenario Galicia\/Escenario 3<\/em> permanece vallado desde hace meses, as\u00ed como el deterioro de varias pasarelas de acceso a la playa. \u201cHay tramos en condiciones muy deficientes, hasta el punto de que recientemente una persona sufri\u00f3 una ca\u00edda, lo que evidencia el riesgo real existente\u201d, ha afirmado.<\/p>\n\n\n\n<p>La concejala popular ha insistido en que estos problemas no son puntuales, sino que responden a una falta de mantenimiento prolongada. En este sentido, ha recordado que \u201cla playa de Gandia no es solo la primera l\u00ednea, sino todo un barrio al que el gobierno socialista da la espalda\u201d.<\/p>\n\n\n\n<p>Asimismo, ha criticado la gesti\u00f3n de los recursos municipales, reclamando un reparto m\u00e1s equitativo entre barrios. \u201cNo es coherente exigir altos impuestos a los ciudadanos y, al mismo tiempo, generar zonas de primera y de segunda en la ciudad\u201d, ha se\u00f1alado.<\/p>\n\n\n\n<p>Borrull ha subrayado que el estado de la playa no es \u00fanicamente una cuesti\u00f3n est\u00e9tica, sino tambi\u00e9n de seguridad, por lo que ha reclamado una actuaci\u00f3n urgente para garantizar el correcto estado de las instalaciones antes de la llegada masiva de turistas.<\/p>\n\n\n\n<p>\u201cLa playa es la principal carta de presentaci\u00f3n de Gandia, y su cuidado no es opcional, es una obligaci\u00f3n del Ayuntamiento\u201d, ha concluido.<\/p>\n","protected":false},"excerpt":{"rendered":"<p>La concejala del Grupo Municipal Popular responsable del barrio de la Playa, Rosabel Borrull, ha criticado el estado de las infraestructuras en la playa de Gandia coincidiendo con el inicio de la temporada tur\u00edstica, asegurando que el gobierno local \u201canuncia actividades mientras mantiene espacios clave en condiciones deficientes\u201d. La edil ha reaccionado al lanzamiento de&#8230;<\/p>\n","protected":false},"author":1,"featured_media":8708,"comment_status":"open","ping_status":"open","sticky":false,"template":"","format":"standard","meta":{"footnotes":""},"categories":[1],"tags":[],"class_list":["post-8707","post","type-post","status-publish","format-standard","has-post-thumbnail","hentry","category-actualidad"],"_links":{"self":[{"href":"https:\/\/infogandia.es\/index.php\/wp-json\/wp\/v2\/posts\/8707","targetHints":{"allow":["GET"]}}],"collection":[{"href":"https:\/\/infogandia.es\/index.php\/wp-json\/wp\/v2\/posts"}],"about":[{"href":"https:\/\/infogandia.es\/index.php\/wp-json\/wp\/v2\/types\/post"}],"author":[{"embeddable":true,"href":"https:\/\/infogandia.es\/index.php\/wp-json\/wp\/v2\/users\/1"}],"replies":[{"embeddable":true,"href":"https:\/\/infogandia.es\/index.php\/wp-json\/wp\/v2\/comments?post=8707"}],"version-history":[{"count":1,"href":"https:\/\/infogandia.es\/index.php\/wp-json\/wp\/v2\/posts\/8707\/revisions"}],"predecessor-version":[{"id":8710,"href":"https:\/\/infogandia.es\/index.php\/wp-json\/wp\/v2\/posts\/8707\/revisions\/8710"}],"wp:featuredmedia":[{"embeddable":true,"href":"https:\/\/infogandia.es\/index.php\/wp-json\/wp\/v2\/media\/8708"}],"wp:attachment":[{"href":"https:\/\/infogandia.es\/index.php\/wp-json\/wp\/v2\/media?parent=8707"}],"wp:term":[{"taxonomy":"category","embeddable":true,"href":"https:\/\/infogandia.es\/index.php\/wp-json\/wp\/v2\/categories?post=8707"},{"taxonomy":"post_tag","embeddable":true,"href":"https:\/\/infogandia.es\/index.php\/wp-json\/wp\/v2\/tags?post=8707"}],"curies":[{"name":"wp","href":"https:\/\/api.w.org\/{rel}","templated":true}]}}