{"id":8718,"date":"2026-04-29T14:58:56","date_gmt":"2026-04-29T14:58:56","guid":{"rendered":"https:\/\/infogandia.es\/?p=8718"},"modified":"2026-04-29T14:58:56","modified_gmt":"2026-04-29T14:58:56","slug":"el-pp-denuncia-una-decada-sin-avances-en-el-desdoblamiento-ferroviario-cullera-gandia","status":"publish","type":"post","link":"https:\/\/infogandia.es\/index.php\/2026\/04\/29\/el-pp-denuncia-una-decada-sin-avances-en-el-desdoblamiento-ferroviario-cullera-gandia\/","title":{"rendered":"El PP denuncia una d\u00e9cada sin avances en el desdoblamiento ferroviario Cullera-Gandia"},"content":{"rendered":"\n<p>El portavoz del Grupo Municipal Popular en Gandia, V\u00edctor Soler, ha criticado la falta de avances en el proyecto de desdoblamiento de la v\u00eda f\u00e9rrea entre Cullera y Gandia, una actuaci\u00f3n que, seg\u00fan ha denunciado, lleva m\u00e1s de diez a\u00f1os sin materializarse.<\/p>\n\n\n\n<p>Soler ha se\u00f1alado que \u201ccada mes de abril\u201d el alcalde de la ciudad, Jos\u00e9 Manuel Prieto, se desplaza a Madrid para mantener reuniones sobre esta infraestructura, encuentros que, a su juicio, \u201ctienen el mismo impacto a\u00f1o tras a\u00f1o: ninguno\u201d. En este sentido, ha afirmado que \u201cse repiten las mismas fotos y los mismos titulares sin que existan resultados reales para los ciudadanos\u201d.<\/p>\n\n\n\n<p>El dirigente popular ha calificado la situaci\u00f3n como un problema \u201cenquistado\u201d, subrayando que el desdoblamiento de la l\u00ednea ferroviaria es una reivindicaci\u00f3n hist\u00f3rica para mejorar la conexi\u00f3n de Gandia con el resto del territorio.<\/p>\n\n\n\n<p>Asimismo, ha cuestionado la utilidad de estos encuentros institucionales, asegurando que \u201cse trata m\u00e1s de viajes sin resultados que de una gesti\u00f3n eficaz\u201d. Tambi\u00e9n ha criticado el estado del entorno de la estaci\u00f3n, se\u00f1alando que \u201cno tiene credibilidad reclamar mejoras cuando los alrededores siguen abandonados\u201d, pese a que, seg\u00fan indica, el Ayuntamiento solicit\u00f3 competencias sobre esta \u00e1rea.<\/p>\n\n\n\n<p>Soler ha advertido de que \u201cla propaganda quita tiempo de lo verdaderamente importante: la gesti\u00f3n\u201d, insistiendo en la necesidad de ofrecer soluciones concretas a los problemas de movilidad de la ciudad.<\/p>\n\n\n\n<p>Por \u00faltimo, el portavoz popular ha reclamado mayor transparencia en la agenda del alcalde, apuntando que este viaje a Madrid \u201cni siquiera aparece reflejado en la agenda oficial\u201d, lo que, a su juicio, refuerza las dudas sobre la gesti\u00f3n y la comunicaci\u00f3n institucional.<\/p>\n\n\n\n<p>Desde el Partido Popular concluyen que Gandia \u201cno puede permitirse m\u00e1s anuncios sin ejecuci\u00f3n ni m\u00e1s viajes sin resultados\u201d, reclamando avances reales en una infraestructura clave para la ciudad.<\/p>\n","protected":false},"excerpt":{"rendered":"<p>El portavoz del Grupo Municipal Popular en Gandia, V\u00edctor Soler, ha criticado la falta de avances en el proyecto de desdoblamiento de la v\u00eda f\u00e9rrea entre Cullera y Gandia, una actuaci\u00f3n que, seg\u00fan ha denunciado, lleva m\u00e1s de diez a\u00f1os sin materializarse. Soler ha se\u00f1alado que \u201ccada mes de abril\u201d el alcalde de la ciudad,&#8230;<\/p>\n","protected":false},"author":1,"featured_media":8719,"comment_status":"open","ping_status":"open","sticky":false,"template":"","format":"standard","meta":{"footnotes":""},"categories":[1,27],"tags":[],"class_list":["post-8718","post","type-post","status-publish","format-standard","has-post-thumbnail","hentry","category-actualidad","category-sociedad"],"_links":{"self":[{"href":"https:\/\/infogandia.es\/index.php\/wp-json\/wp\/v2\/posts\/8718","targetHints":{"allow":["GET"]}}],"collection":[{"href":"https:\/\/infogandia.es\/index.php\/wp-json\/wp\/v2\/posts"}],"about":[{"href":"https:\/\/infogandia.es\/index.php\/wp-json\/wp\/v2\/types\/post"}],"author":[{"embeddable":true,"href":"https:\/\/infogandia.es\/index.php\/wp-json\/wp\/v2\/users\/1"}],"replies":[{"embeddable":true,"href":"https:\/\/infogandia.es\/index.php\/wp-json\/wp\/v2\/comments?post=8718"}],"version-history":[{"count":1,"href":"https:\/\/infogandia.es\/index.php\/wp-json\/wp\/v2\/posts\/8718\/revisions"}],"predecessor-version":[{"id":8720,"href":"https:\/\/infogandia.es\/index.php\/wp-json\/wp\/v2\/posts\/8718\/revisions\/8720"}],"wp:featuredmedia":[{"embeddable":true,"href":"https:\/\/infogandia.es\/index.php\/wp-json\/wp\/v2\/media\/8719"}],"wp:attachment":[{"href":"https:\/\/infogandia.es\/index.php\/wp-json\/wp\/v2\/media?parent=8718"}],"wp:term":[{"taxonomy":"category","embeddable":true,"href":"https:\/\/infogandia.es\/index.php\/wp-json\/wp\/v2\/categories?post=8718"},{"taxonomy":"post_tag","embeddable":true,"href":"https:\/\/infogandia.es\/index.php\/wp-json\/wp\/v2\/tags?post=8718"}],"curies":[{"name":"wp","href":"https:\/\/api.w.org\/{rel}","templated":true}]}}