{"id":128,"count":1,"description":"","link":"https:\/\/infogandia.es\/index.php\/tag\/el-pp-de-gandia-agradece-la-rapida-actuacion-de-la-generalitat-para-abrir-y-desbloquear-el-centro-sanitario-rois-de-corella\/","name":"El PP de Gandia agradece la r\u00e1pida actuaci\u00f3n de la Generalitat para abrir y desbloquear el centro sanitario Ro\u00eds de Corella.","slug":"el-pp-de-gandia-agradece-la-rapida-actuacion-de-la-generalitat-para-abrir-y-desbloquear-el-centro-sanitario-rois-de-corella","taxonomy":"post_tag","meta":[],"_links":{"self":[{"href":"https:\/\/infogandia.es\/index.php\/wp-json\/wp\/v2\/tags\/128","targetHints":{"allow":["GET"]}}],"collection":[{"href":"https:\/\/infogandia.es\/index.php\/wp-json\/wp\/v2\/tags"}],"about":[{"href":"https:\/\/infogandia.es\/index.php\/wp-json\/wp\/v2\/taxonomies\/post_tag"}],"wp:post_type":[{"href":"https:\/\/infogandia.es\/index.php\/wp-json\/wp\/v2\/posts?tags=128"}],"curies":[{"name":"wp","href":"https:\/\/api.w.org\/{rel}","templated":true}]}}